{"id":3100,"date":"2017-06-16T00:00:32","date_gmt":"2017-06-15T22:00:32","guid":{"rendered":"http:\/\/blogg.varldenidag.se\/musik\/?p=3100"},"modified":"2017-06-12T20:12:25","modified_gmt":"2017-06-12T18:12:25","slug":"overraskar-med-stark-lovsang","status":"publish","type":"post","link":"http:\/\/blogg.varldenidag.se\/musik\/overraskar-med-stark-lovsang\/","title":{"rendered":"\u00d6verraskar med stark lovs\u00e5ng"},"content":{"rendered":"<p><!-- x-tinymce\/html --><\/p>\n<p>2015 blev jag &#8211; och m\u00e5nga med mig &#8211; helt f\u00f6r\u00e4lskad i debuterande <strong>I Am They<\/strong>&#8217;s countrydoftande raket <em>&#8221;From The Day&#8221; <\/em>som inte gick att motst\u00e5 med sin energi och sv\u00e4ng. N\u00e4r bandet nu snart \u00e5terv\u00e4nder med ett sprillans nytt album \u00e4r inte bara s\u00e5ngaren ny &#8211; utan \u00e4ven soundet. Nya singeln <em>&#8221;Crown Him&#8221; <\/em>\u00e4r en stark lovs\u00e5ng som har potential att bli en riktigt, riktigt stor l\u00e5t. En l\u00e5t som \u00f6verraskar p\u00e5 fler s\u00e4tt \u00e4n med soundet. Om \u00e4n utan banjo och countrypop lyckas <strong>I Am They <\/strong>\u00e4ven denna g\u00e5ng &#8211; och f\u00f6rmodligen l\u00e4r de g\u00f6ra det igen. Missa icke!<\/p>\n<div class=\"video-container\"><iframe title=\"Spotify Embed: Crown Him\" style=\"border-radius: 12px\" width=\"100%\" height=\"152\" frameborder=\"0\" allowfullscreen allow=\"autoplay; clipboard-write; encrypted-media; fullscreen; picture-in-picture\" loading=\"lazy\" src=\"https:\/\/open.spotify.com\/embed\/track\/5sD77OzDZpZx7WQJX7tVul?utm_source=oembed\"><\/iframe><\/div>\n","protected":false},"excerpt":{"rendered":"<p>2015 blev jag &#8211; och m\u00e5nga med mig &#8211; helt f\u00f6r\u00e4lskad i debuterande I Am They&#8217;s countrydoftande raket &#8221;From The Day&#8221; som inte gick att motst\u00e5 med [&hellip;]<\/p>\n","protected":false},"author":15,"featured_media":0,"comment_status":"open","ping_status":"open","sticky":false,"template":"","format":"standard","meta":{"footnotes":"","_links_to":"","_links_to_target":""},"categories":[1],"tags":[],"class_list":["post-3100","post","type-post","status-publish","format-standard","hentry","category-musik"],"_links":{"self":[{"href":"http:\/\/blogg.varldenidag.se\/musik\/wp-json\/wp\/v2\/posts\/3100","targetHints":{"allow":["GET"]}}],"collection":[{"href":"http:\/\/blogg.varldenidag.se\/musik\/wp-json\/wp\/v2\/posts"}],"about":[{"href":"http:\/\/blogg.varldenidag.se\/musik\/wp-json\/wp\/v2\/types\/post"}],"author":[{"embeddable":true,"href":"http:\/\/blogg.varldenidag.se\/musik\/wp-json\/wp\/v2\/users\/15"}],"replies":[{"embeddable":true,"href":"http:\/\/blogg.varldenidag.se\/musik\/wp-json\/wp\/v2\/comments?post=3100"}],"version-history":[{"count":1,"href":"http:\/\/blogg.varldenidag.se\/musik\/wp-json\/wp\/v2\/posts\/3100\/revisions"}],"predecessor-version":[{"id":3101,"href":"http:\/\/blogg.varldenidag.se\/musik\/wp-json\/wp\/v2\/posts\/3100\/revisions\/3101"}],"wp:attachment":[{"href":"http:\/\/blogg.varldenidag.se\/musik\/wp-json\/wp\/v2\/media?parent=3100"}],"wp:term":[{"taxonomy":"category","embeddable":true,"href":"http:\/\/blogg.varldenidag.se\/musik\/wp-json\/wp\/v2\/categories?post=3100"},{"taxonomy":"post_tag","embeddable":true,"href":"http:\/\/blogg.varldenidag.se\/musik\/wp-json\/wp\/v2\/tags?post=3100"}],"curies":[{"name":"wp","href":"https:\/\/api.w.org\/{rel}","templated":true}]}}