{"id":309,"date":"2012-08-09T07:00:02","date_gmt":"2012-08-09T05:00:02","guid":{"rendered":"http:\/\/blogg.varldenidag.se\/musik\/?p=309"},"modified":"2012-08-11T22:02:58","modified_gmt":"2012-08-11T20:02:58","slug":"steven-curtis-chapman-gor-ny-julskiva","status":"publish","type":"post","link":"http:\/\/blogg.varldenidag.se\/musik\/steven-curtis-chapman-gor-ny-julskiva\/","title":{"rendered":"Steven Curtis Chapman g\u00f6r ny julskiva"},"content":{"rendered":"<p>I helgen sl\u00e4pptes nyheten att en av mina favoritartister, <strong>Steven Curtis Chapman<\/strong>, kommer med en ny julskiva. I \u00e5r firar han 25 \u00e5r som soloartist och detta firar han allts\u00e5 med julalbumet <em>Joy<\/em> vars releasedatum \u00e4r satt till den 16 oktober. Ska bli kul att h\u00f6ra vad han har kn\u00e5pat ihop denna g\u00e5ng (musikvideon h\u00e4r ovanf\u00f6r \u00e4r fr\u00e5n julskivan anno 1995).<\/p>\n<p>P\u00e5 Facebook gick hans team ut med en rolig f\u00f6rfr\u00e5gan ang\u00e5ende det nya albumet. Det \u00e4r n\u00e4mligen s\u00e5 att det finns plats f\u00f6r en s\u00e5ng till. S\u00e5 man har bett fansen komma med f\u00f6rslag p\u00e5 julfavoriter. Enda kriteriet \u00e4r att den inte ska ha spelats in p\u00e5 n\u00e5gon av hans tv\u00e5 tidigare julskivor. Responsen var omedelbar \u2013 \u00f6ver 500 f\u00f6rslag har kommit in p\u00e5 bara n\u00e5gra dagar.<\/p>\n<p>Och som gr\u00e4dde p\u00e5 moset har Steven just avsl\u00f6jat att han skriver p\u00e5 ett nytt studioalbum som ska spelas in n\u00e4sta \u00e5r. Det blir hans f\u00f6rsta full\u00e4ngdsskiva med enbart nyskrivet material sedan <em>Beauty will rise<\/em> som kom 2009. L\u00e4ngtar!<\/p>\n<p><em>Ps! Jag t\u00e4nkte bara passa p\u00e5 att avsluta med ett tips om att Steven <a href=\"http:\/\/www.stevencurtischapman.com\/scc25\">p\u00e5 sin hemsida<\/a> l\u00e4gger ut akustiska versioner av sina mest k\u00e4nda l\u00e5tar, i en serie som han kallar &#8221;SCC Twenty-five&#8221;. Vi f\u00e5r h\u00f6ra om inspirationen som ledde fram till att han skrev l\u00e5ten och d\u00e4refter ett exklusivt akustiskt framtr\u00e4dande. Bara tv\u00e5 avsnitt ligger ute \u00e5t g\u00e5ngen innan de f\u00f6rsvinner. S\u00e5 missa inte detta! Ds<\/em>.<\/p>\n","protected":false},"excerpt":{"rendered":"<p>I helgen sl\u00e4pptes nyheten att en av mina favoritartister, Steven Curtis Chapman, kommer med en ny julskiva. I \u00e5r firar han 25 \u00e5r som soloartist och detta [&hellip;]<\/p>\n","protected":false},"author":14,"featured_media":409,"comment_status":"open","ping_status":"open","sticky":false,"template":"","format":"standard","meta":{"footnotes":"","_links_to":"","_links_to_target":""},"categories":[1],"tags":[113,112],"class_list":["post-309","post","type-post","status-publish","format-standard","has-post-thumbnail","hentry","category-musik","tag-joy","tag-steven-curtis-chapman"],"_links":{"self":[{"href":"http:\/\/blogg.varldenidag.se\/musik\/wp-json\/wp\/v2\/posts\/309","targetHints":{"allow":["GET"]}}],"collection":[{"href":"http:\/\/blogg.varldenidag.se\/musik\/wp-json\/wp\/v2\/posts"}],"about":[{"href":"http:\/\/blogg.varldenidag.se\/musik\/wp-json\/wp\/v2\/types\/post"}],"author":[{"embeddable":true,"href":"http:\/\/blogg.varldenidag.se\/musik\/wp-json\/wp\/v2\/users\/14"}],"replies":[{"embeddable":true,"href":"http:\/\/blogg.varldenidag.se\/musik\/wp-json\/wp\/v2\/comments?post=309"}],"version-history":[{"count":6,"href":"http:\/\/blogg.varldenidag.se\/musik\/wp-json\/wp\/v2\/posts\/309\/revisions"}],"predecessor-version":[{"id":312,"href":"http:\/\/blogg.varldenidag.se\/musik\/wp-json\/wp\/v2\/posts\/309\/revisions\/312"}],"wp:featuredmedia":[{"embeddable":true,"href":"http:\/\/blogg.varldenidag.se\/musik\/wp-json\/wp\/v2\/media\/409"}],"wp:attachment":[{"href":"http:\/\/blogg.varldenidag.se\/musik\/wp-json\/wp\/v2\/media?parent=309"}],"wp:term":[{"taxonomy":"category","embeddable":true,"href":"http:\/\/blogg.varldenidag.se\/musik\/wp-json\/wp\/v2\/categories?post=309"},{"taxonomy":"post_tag","embeddable":true,"href":"http:\/\/blogg.varldenidag.se\/musik\/wp-json\/wp\/v2\/tags?post=309"}],"curies":[{"name":"wp","href":"https:\/\/api.w.org\/{rel}","templated":true}]}}