{"id":3076,"date":"2017-05-16T21:00:07","date_gmt":"2017-05-16T19:00:07","guid":{"rendered":"http:\/\/blogg.varldenidag.se\/musik\/?p=3076"},"modified":"2017-05-16T21:00:07","modified_gmt":"2017-05-16T19:00:07","slug":"knapp-ar-tillbaka","status":"publish","type":"post","link":"http:\/\/blogg.varldenidag.se\/musik\/knapp-ar-tillbaka\/","title":{"rendered":"Knapp \u00e4r tillbaka"},"content":{"rendered":"<p>N\u00e4r 2000-talet var ungt tog <strong>Jennifer Knapp <\/strong>en hel musikscen med storm. Med l\u00e5tar som <em>&#8221;A Little More&#8221; <\/em>och <em>&#8221;Breathe On Me&#8221; <\/em>blev hon ett namn p\u00e5 allas l\u00e4ppar &#8211; och slog Sverige med h\u00e4pnad vid liveframtr\u00e4danden. Hennes skivor s\u00e5lde som sm\u00f6r och framg\u00e5ngarna travades p\u00e5 varandra, men s\u00e4g den karri\u00e4r som varar f\u00f6r evigt. <strong>Knapp <\/strong>la sin gitarr p\u00e5 hyllan i ett g\u00e4ng \u00e5r, \u00e4nda fram till hon 2014 gjorde comeback.<\/p>\n<p>Nu \u00e4r hon \u00e5terigen tillbaka. Hennes nya <em>&#8221;New Day&#8221; <\/em>\u00e4r en klassisk <strong>Knapp<\/strong>-l\u00e5t, som l\u00e5ter som en l\u00e4mning fr\u00e5n hennes skivor i tidiga karri\u00e4ren. Bra och lyssningsv\u00e4rt! Vad tycker du om <strong>Knapp <\/strong>a&#8217;la 2017?<\/p>\n<p><strong>Spotify-l\u00e4nk: <\/strong>https:\/\/open.spotify.com\/track\/1pmzWVq2apszivZe2jDHRQ<\/p>\n<p><a href=\"https:\/\/glowingvibe.files.wordpress.com\/2017\/05\/knapp.jpg\"><img loading=\"lazy\" decoding=\"async\" class=\"size-medium wp-image-2446 aligncenter\" src=\"https:\/\/glowingvibe.files.wordpress.com\/2017\/05\/knapp.jpg?w=300\" alt=\"\" width=\"300\" height=\"200\" \/><\/a><\/p>\n","protected":false},"excerpt":{"rendered":"<p>N\u00e4r 2000-talet var ungt tog Jennifer Knapp en hel musikscen med storm. Med l\u00e5tar som &#8221;A Little More&#8221; och &#8221;Breathe On Me&#8221; blev hon ett namn p\u00e5 [&hellip;]<\/p>\n","protected":false},"author":15,"featured_media":0,"comment_status":"open","ping_status":"open","sticky":false,"template":"","format":"standard","meta":{"footnotes":"","_links_to":"","_links_to_target":""},"categories":[1],"tags":[],"class_list":["post-3076","post","type-post","status-publish","format-standard","hentry","category-musik"],"_links":{"self":[{"href":"http:\/\/blogg.varldenidag.se\/musik\/wp-json\/wp\/v2\/posts\/3076","targetHints":{"allow":["GET"]}}],"collection":[{"href":"http:\/\/blogg.varldenidag.se\/musik\/wp-json\/wp\/v2\/posts"}],"about":[{"href":"http:\/\/blogg.varldenidag.se\/musik\/wp-json\/wp\/v2\/types\/post"}],"author":[{"embeddable":true,"href":"http:\/\/blogg.varldenidag.se\/musik\/wp-json\/wp\/v2\/users\/15"}],"replies":[{"embeddable":true,"href":"http:\/\/blogg.varldenidag.se\/musik\/wp-json\/wp\/v2\/comments?post=3076"}],"version-history":[{"count":1,"href":"http:\/\/blogg.varldenidag.se\/musik\/wp-json\/wp\/v2\/posts\/3076\/revisions"}],"predecessor-version":[{"id":3077,"href":"http:\/\/blogg.varldenidag.se\/musik\/wp-json\/wp\/v2\/posts\/3076\/revisions\/3077"}],"wp:attachment":[{"href":"http:\/\/blogg.varldenidag.se\/musik\/wp-json\/wp\/v2\/media?parent=3076"}],"wp:term":[{"taxonomy":"category","embeddable":true,"href":"http:\/\/blogg.varldenidag.se\/musik\/wp-json\/wp\/v2\/categories?post=3076"},{"taxonomy":"post_tag","embeddable":true,"href":"http:\/\/blogg.varldenidag.se\/musik\/wp-json\/wp\/v2\/tags?post=3076"}],"curies":[{"name":"wp","href":"https:\/\/api.w.org\/{rel}","templated":true}]}}