{"id":3058,"date":"2017-04-29T00:08:07","date_gmt":"2017-04-28T22:08:07","guid":{"rendered":"http:\/\/blogg.varldenidag.se\/musik\/?p=3058"},"modified":"2017-04-25T20:08:22","modified_gmt":"2017-04-25T18:08:22","slug":"ett-danceanthem-for-sommaren","status":"publish","type":"post","link":"http:\/\/blogg.varldenidag.se\/musik\/ett-danceanthem-for-sommaren\/","title":{"rendered":"Ett danceanthem f\u00f6r sommaren!"},"content":{"rendered":"<p>Sommaren \u00e4r r\u00e4ddad! Nu finns det \u00e4ntligen en riktigt bra discol\u00e5t att skruva upp volymen till, kasta av sig skorna till och bara sl\u00e4ppa loss alla danssteg i den heta sanden. Engelska partyg\u00e4nget <strong>Twelve24 <\/strong>brukar f\u00e5 det att sv\u00e4nga p\u00e5 egen hand, men den h\u00e4r g\u00e5ngen \u00e4r det <strong>Landree <\/strong>som sett till att deras singel <em>&#8221;The Book&#8221; <\/em>f\u00e5tt helt nya kl\u00e4der inf\u00f6r sommars\u00e4songen. Sk\u00f6na beats, fullt \u00f6s och dessutom ett riktigt bra budskap&#8230; vrid upp volymen och l\u00e5t sommaren komma!<\/p>\n<p><strong>Spotify-l\u00e4nk:<\/strong> https:\/\/open.spotify.com\/track\/7m3G1iwyH1UgagDtV4w0Po<\/p>\n<p><a href=\"https:\/\/glowingvibe.files.wordpress.com\/2017\/04\/twelve2024444.jpg\"><img loading=\"lazy\" decoding=\"async\" class=\"size-medium wp-image-2420 aligncenter\" src=\"https:\/\/glowingvibe.files.wordpress.com\/2017\/04\/twelve2024444.jpg?w=300\" alt=\"\" width=\"300\" height=\"300\" \/><\/a><\/p>\n","protected":false},"excerpt":{"rendered":"<p>Sommaren \u00e4r r\u00e4ddad! Nu finns det \u00e4ntligen en riktigt bra discol\u00e5t att skruva upp volymen till, kasta av sig skorna till och bara sl\u00e4ppa loss alla danssteg [&hellip;]<\/p>\n","protected":false},"author":15,"featured_media":0,"comment_status":"open","ping_status":"open","sticky":false,"template":"","format":"standard","meta":{"footnotes":"","_links_to":"","_links_to_target":""},"categories":[1],"tags":[],"class_list":["post-3058","post","type-post","status-publish","format-standard","hentry","category-musik"],"_links":{"self":[{"href":"http:\/\/blogg.varldenidag.se\/musik\/wp-json\/wp\/v2\/posts\/3058","targetHints":{"allow":["GET"]}}],"collection":[{"href":"http:\/\/blogg.varldenidag.se\/musik\/wp-json\/wp\/v2\/posts"}],"about":[{"href":"http:\/\/blogg.varldenidag.se\/musik\/wp-json\/wp\/v2\/types\/post"}],"author":[{"embeddable":true,"href":"http:\/\/blogg.varldenidag.se\/musik\/wp-json\/wp\/v2\/users\/15"}],"replies":[{"embeddable":true,"href":"http:\/\/blogg.varldenidag.se\/musik\/wp-json\/wp\/v2\/comments?post=3058"}],"version-history":[{"count":1,"href":"http:\/\/blogg.varldenidag.se\/musik\/wp-json\/wp\/v2\/posts\/3058\/revisions"}],"predecessor-version":[{"id":3059,"href":"http:\/\/blogg.varldenidag.se\/musik\/wp-json\/wp\/v2\/posts\/3058\/revisions\/3059"}],"wp:attachment":[{"href":"http:\/\/blogg.varldenidag.se\/musik\/wp-json\/wp\/v2\/media?parent=3058"}],"wp:term":[{"taxonomy":"category","embeddable":true,"href":"http:\/\/blogg.varldenidag.se\/musik\/wp-json\/wp\/v2\/categories?post=3058"},{"taxonomy":"post_tag","embeddable":true,"href":"http:\/\/blogg.varldenidag.se\/musik\/wp-json\/wp\/v2\/tags?post=3058"}],"curies":[{"name":"wp","href":"https:\/\/api.w.org\/{rel}","templated":true}]}}