{"id":3056,"date":"2017-04-27T00:50:57","date_gmt":"2017-04-26T22:50:57","guid":{"rendered":"http:\/\/blogg.varldenidag.se\/musik\/?p=3056"},"modified":"2017-04-25T19:59:35","modified_gmt":"2017-04-25T17:59:35","slug":"ecke-bjuder-pa-vackelsesanger","status":"publish","type":"post","link":"http:\/\/blogg.varldenidag.se\/musik\/ecke-bjuder-pa-vackelsesanger\/","title":{"rendered":"Ecke bjuder p\u00e5 v\u00e4ckelses\u00e5nger"},"content":{"rendered":"<p>Stor \u00e4r den l\u00e5tskatt av \u00e4ldre svenska v\u00e4ckelses\u00e5nger, den saken \u00e4r klar. Nu tar sig artisten <strong>Ecke, <\/strong>eller Erik Bergman som han egentligen heter sig an den i skivform p\u00e5 helt nya albumet <em>&#8221;Elds\u00e5nger&#8221; <\/em>f\u00f6r att f\u00f6rverkliga sin vision om att lyfta fram s\u00e5nger som f\u00f6tts ur v\u00e4ckelse och ge deras tidl\u00f6sa budskap vidare till nya generation.<\/p>\n<p>I akustiska arrangemang bjuder han p\u00e5 vackra s\u00e5nger som <em>&#8221;Blott en dag&#8221;, &#8221;Det \u00e4r saligt att p\u00e5 Jesus f\u00e5 tro&#8221; <\/em>och <em>&#8221;Lov \u00e4ra och pris&#8221;. <\/em><\/p>\n<p>\u00c4n s\u00e5 l\u00e4nge finns bara <em>&#8221;Blott en dag&#8221; <\/em>sl\u00e4ppt p\u00e5 Spotify, men arrangemanget och k\u00e4nslan som <strong>Ecke <\/strong>f\u00f6rmedlar i l\u00e5ten &#8211; med s\u00e5nghj\u00e4lp \u00e4ven fr\u00e5n <b><\/b><strong>Alma Bergman<\/strong> &#8211; lover mycket gott!<\/p>\n<p><strong>Spotify-l\u00e4nk: <\/strong>https:\/\/open.spotify.com\/track\/1ganPklWbCUrH5fQeGMQI7<\/p>\n<p><a href=\"https:\/\/glowingvibe.files.wordpress.com\/2017\/04\/7770687986466492269_1490791776074_w312.jpg\"><img loading=\"lazy\" decoding=\"async\" class=\"size-medium wp-image-2417 aligncenter\" src=\"https:\/\/glowingvibe.files.wordpress.com\/2017\/04\/7770687986466492269_1490791776074_w312.jpg?w=300\" alt=\"\" width=\"300\" height=\"300\" \/><\/a><\/p>\n","protected":false},"excerpt":{"rendered":"<p>Stor \u00e4r den l\u00e5tskatt av \u00e4ldre svenska v\u00e4ckelses\u00e5nger, den saken \u00e4r klar. Nu tar sig artisten Ecke, eller Erik Bergman som han egentligen heter sig an den [&hellip;]<\/p>\n","protected":false},"author":15,"featured_media":0,"comment_status":"open","ping_status":"open","sticky":false,"template":"","format":"standard","meta":{"footnotes":"","_links_to":"","_links_to_target":""},"categories":[1],"tags":[],"class_list":["post-3056","post","type-post","status-publish","format-standard","hentry","category-musik"],"_links":{"self":[{"href":"http:\/\/blogg.varldenidag.se\/musik\/wp-json\/wp\/v2\/posts\/3056","targetHints":{"allow":["GET"]}}],"collection":[{"href":"http:\/\/blogg.varldenidag.se\/musik\/wp-json\/wp\/v2\/posts"}],"about":[{"href":"http:\/\/blogg.varldenidag.se\/musik\/wp-json\/wp\/v2\/types\/post"}],"author":[{"embeddable":true,"href":"http:\/\/blogg.varldenidag.se\/musik\/wp-json\/wp\/v2\/users\/15"}],"replies":[{"embeddable":true,"href":"http:\/\/blogg.varldenidag.se\/musik\/wp-json\/wp\/v2\/comments?post=3056"}],"version-history":[{"count":1,"href":"http:\/\/blogg.varldenidag.se\/musik\/wp-json\/wp\/v2\/posts\/3056\/revisions"}],"predecessor-version":[{"id":3057,"href":"http:\/\/blogg.varldenidag.se\/musik\/wp-json\/wp\/v2\/posts\/3056\/revisions\/3057"}],"wp:attachment":[{"href":"http:\/\/blogg.varldenidag.se\/musik\/wp-json\/wp\/v2\/media?parent=3056"}],"wp:term":[{"taxonomy":"category","embeddable":true,"href":"http:\/\/blogg.varldenidag.se\/musik\/wp-json\/wp\/v2\/categories?post=3056"},{"taxonomy":"post_tag","embeddable":true,"href":"http:\/\/blogg.varldenidag.se\/musik\/wp-json\/wp\/v2\/tags?post=3056"}],"curies":[{"name":"wp","href":"https:\/\/api.w.org\/{rel}","templated":true}]}}