{"id":3000,"date":"2017-02-16T00:56:18","date_gmt":"2017-02-15T23:56:18","guid":{"rendered":"http:\/\/blogg.varldenidag.se\/musik\/?p=3000"},"modified":"2017-01-31T21:01:32","modified_gmt":"2017-01-31T20:01:32","slug":"3000-2","status":"publish","type":"post","link":"http:\/\/blogg.varldenidag.se\/musik\/3000-2\/","title":{"rendered":"Sp\u00e4nnande sound fr\u00e5n Cravity"},"content":{"rendered":"<p>Han har passerat ganska l\u00e5gt under radarn och att hitta s\u00e4rskilt mycket information om <strong>Jimi Cravity <\/strong>tycks sm\u00e5tt hoppl\u00f6st. Men det vi vet \u00e4r att han tidigare medverkat p\u00e5 <strong>Passions <\/strong>skiva <em>&#8221;Salvation Tide&#8221; <\/em>och att han nu debuterar som soloartist. N\u00e4r januari var pinf\u00e4rskt sl\u00e4ppte han sin EP <em>&#8221;Heaven&#8221; <\/em>som skvallrar om att det h\u00e4r \u00e4r en artist vi kommer f\u00e5 h\u00f6ra mer om i framtiden\u00a0&#8211; sannolikt mycket mer. Extra f\u00f6r\u00e4lskade blir vi i hans <em>&#8221;Beacon&#8221; <\/em>&#8211; en l\u00e5t som sticker ut med sitt sound men som likfullt etsar sig fast med sin text. En intressant bekantskap &#8211; v\u00e4rd att spana in!<\/p>\n<p><strong>Spotify-l\u00e4nk: <\/strong>https:\/\/open.spotify.com\/track\/0l5IctyajwvjMn7nZw7ePg<br \/>\n<strong>Youtube-l\u00e4nk: <\/strong>https:\/\/www.youtube.com\/watch?v=L56qXHI47LM<\/p>\n<p><a href=\"http:\/\/blogg.varldenidag.se\/musik\/files\/2017\/01\/8ab3904794868c7e13bdb6dd0047b1f9.640x640x1.jpg\"><img loading=\"lazy\" decoding=\"async\" class=\"size-medium wp-image-3001 aligncenter\" src=\"http:\/\/blogg.varldenidag.se\/musik\/files\/2017\/01\/8ab3904794868c7e13bdb6dd0047b1f9.640x640x1-300x300.jpg\" alt=\"\" width=\"300\" height=\"300\" srcset=\"http:\/\/blogg.varldenidag.se\/musik\/files\/2017\/01\/8ab3904794868c7e13bdb6dd0047b1f9.640x640x1-300x300.jpg 300w, http:\/\/blogg.varldenidag.se\/musik\/files\/2017\/01\/8ab3904794868c7e13bdb6dd0047b1f9.640x640x1-150x150.jpg 150w, http:\/\/blogg.varldenidag.se\/musik\/files\/2017\/01\/8ab3904794868c7e13bdb6dd0047b1f9.640x640x1.jpg 640w\" sizes=\"auto, (max-width: 300px) 100vw, 300px\" \/><\/a><\/p>\n","protected":false},"excerpt":{"rendered":"<p>Han har passerat ganska l\u00e5gt under radarn och att hitta s\u00e4rskilt mycket information om Jimi Cravity tycks sm\u00e5tt hoppl\u00f6st. Men det vi vet \u00e4r att han tidigare [&hellip;]<\/p>\n","protected":false},"author":15,"featured_media":0,"comment_status":"open","ping_status":"open","sticky":false,"template":"","format":"standard","meta":{"footnotes":"","_links_to":"","_links_to_target":""},"categories":[1],"tags":[],"class_list":["post-3000","post","type-post","status-publish","format-standard","hentry","category-musik"],"_links":{"self":[{"href":"http:\/\/blogg.varldenidag.se\/musik\/wp-json\/wp\/v2\/posts\/3000","targetHints":{"allow":["GET"]}}],"collection":[{"href":"http:\/\/blogg.varldenidag.se\/musik\/wp-json\/wp\/v2\/posts"}],"about":[{"href":"http:\/\/blogg.varldenidag.se\/musik\/wp-json\/wp\/v2\/types\/post"}],"author":[{"embeddable":true,"href":"http:\/\/blogg.varldenidag.se\/musik\/wp-json\/wp\/v2\/users\/15"}],"replies":[{"embeddable":true,"href":"http:\/\/blogg.varldenidag.se\/musik\/wp-json\/wp\/v2\/comments?post=3000"}],"version-history":[{"count":2,"href":"http:\/\/blogg.varldenidag.se\/musik\/wp-json\/wp\/v2\/posts\/3000\/revisions"}],"predecessor-version":[{"id":3003,"href":"http:\/\/blogg.varldenidag.se\/musik\/wp-json\/wp\/v2\/posts\/3000\/revisions\/3003"}],"wp:attachment":[{"href":"http:\/\/blogg.varldenidag.se\/musik\/wp-json\/wp\/v2\/media?parent=3000"}],"wp:term":[{"taxonomy":"category","embeddable":true,"href":"http:\/\/blogg.varldenidag.se\/musik\/wp-json\/wp\/v2\/categories?post=3000"},{"taxonomy":"post_tag","embeddable":true,"href":"http:\/\/blogg.varldenidag.se\/musik\/wp-json\/wp\/v2\/tags?post=3000"}],"curies":[{"name":"wp","href":"https:\/\/api.w.org\/{rel}","templated":true}]}}