{"id":2988,"date":"2017-02-04T00:54:50","date_gmt":"2017-02-03T23:54:50","guid":{"rendered":"http:\/\/blogg.varldenidag.se\/musik\/?p=2988"},"modified":"2017-01-31T20:36:21","modified_gmt":"2017-01-31T19:36:21","slug":"ra-arlighet-fran-stakset","status":"publish","type":"post","link":"http:\/\/blogg.varldenidag.se\/musik\/ra-arlighet-fran-stakset\/","title":{"rendered":"R\u00e5 \u00e4rlighet fr\u00e5n Stakset"},"content":{"rendered":"<p>Mitt i framg\u00e5ngarna med sitt band <strong>Kartellen <\/strong>blev <strong>Sebastian Stakset <\/strong>kristen. Bakom sig l\u00e4mnade han \u00e5r av kriminalitet och missbruk och gjorde helt om i sitt liv. Nu vill han sprida sitt budskap genom musiken som soloartist, och han g\u00f6r det med en brutal och r\u00e5 \u00e4rlighet. En oborstad sida av honom, med texter om Gud, k\u00e4rlek och att v\u00e4nda om och l\u00e4mna cashen d\u00e4rh\u00e4n. Hans <em>&#8221;F\u00f6rl\u00e5t&#8221; <\/em>var som en knytn\u00e4ve av \u00e4rlighet, och nu har han sl\u00e4ppt ytterligare ett alster fr\u00e5n kommande soloskivan. Hans <em>&#8221;Jag vill ge dig allt&#8221; <\/em>har f\u00f6rutom en grym text \u00e4ven en smittande melodi som klamrar sig fast i \u00f6rat. \u00c4rligt, vasst och barskrapat in p\u00e5 huden &#8211; <strong>Sebastian Stakset <\/strong>\u00e4r v\u00e4rd att lyssna in!<\/p>\n<p><strong>Spotify-l\u00e4nk: <\/strong>https:\/\/open.spotify.com\/track\/3UNxQRqZuyN9s4YKlPW8qz<br \/>\n<strong>Youtube-l\u00e4nk: <\/strong>https:\/\/www.youtube.com\/watch?v=M_E9PwWlpxE<\/p>\n<p><a href=\"https:\/\/glowingvibe.files.wordpress.com\/2017\/01\/sebastianstakset-jagvillgedigallt-s-580x580.jpg\"><img loading=\"lazy\" decoding=\"async\" class=\"size-medium wp-image-2321 aligncenter\" src=\"https:\/\/glowingvibe.files.wordpress.com\/2017\/01\/sebastianstakset-jagvillgedigallt-s-580x580.jpg?w=300\" alt=\"sebastianstakset-jagvillgedigallt-s-580x580\" width=\"300\" height=\"300\" \/><\/a><\/p>\n","protected":false},"excerpt":{"rendered":"<p>Mitt i framg\u00e5ngarna med sitt band Kartellen blev Sebastian Stakset kristen. Bakom sig l\u00e4mnade han \u00e5r av kriminalitet och missbruk och gjorde helt om i sitt liv. [&hellip;]<\/p>\n","protected":false},"author":15,"featured_media":0,"comment_status":"open","ping_status":"open","sticky":false,"template":"","format":"standard","meta":{"footnotes":"","_links_to":"","_links_to_target":""},"categories":[1],"tags":[],"class_list":["post-2988","post","type-post","status-publish","format-standard","hentry","category-musik"],"_links":{"self":[{"href":"http:\/\/blogg.varldenidag.se\/musik\/wp-json\/wp\/v2\/posts\/2988","targetHints":{"allow":["GET"]}}],"collection":[{"href":"http:\/\/blogg.varldenidag.se\/musik\/wp-json\/wp\/v2\/posts"}],"about":[{"href":"http:\/\/blogg.varldenidag.se\/musik\/wp-json\/wp\/v2\/types\/post"}],"author":[{"embeddable":true,"href":"http:\/\/blogg.varldenidag.se\/musik\/wp-json\/wp\/v2\/users\/15"}],"replies":[{"embeddable":true,"href":"http:\/\/blogg.varldenidag.se\/musik\/wp-json\/wp\/v2\/comments?post=2988"}],"version-history":[{"count":1,"href":"http:\/\/blogg.varldenidag.se\/musik\/wp-json\/wp\/v2\/posts\/2988\/revisions"}],"predecessor-version":[{"id":2989,"href":"http:\/\/blogg.varldenidag.se\/musik\/wp-json\/wp\/v2\/posts\/2988\/revisions\/2989"}],"wp:attachment":[{"href":"http:\/\/blogg.varldenidag.se\/musik\/wp-json\/wp\/v2\/media?parent=2988"}],"wp:term":[{"taxonomy":"category","embeddable":true,"href":"http:\/\/blogg.varldenidag.se\/musik\/wp-json\/wp\/v2\/categories?post=2988"},{"taxonomy":"post_tag","embeddable":true,"href":"http:\/\/blogg.varldenidag.se\/musik\/wp-json\/wp\/v2\/tags?post=2988"}],"curies":[{"name":"wp","href":"https:\/\/api.w.org\/{rel}","templated":true}]}}