{"id":2985,"date":"2017-02-02T00:58:33","date_gmt":"2017-02-01T23:58:33","guid":{"rendered":"http:\/\/blogg.varldenidag.se\/musik\/?p=2985"},"modified":"2017-01-18T20:58:59","modified_gmt":"2017-01-18T19:58:59","slug":"rivstart-pa-hiphoparet","status":"publish","type":"post","link":"http:\/\/blogg.varldenidag.se\/musik\/rivstart-pa-hiphoparet\/","title":{"rendered":"Rivstart p\u00e5 hiphop\u00e5ret"},"content":{"rendered":"<p>Man kan knappast anklaga Miami-rapparna i <strong>Social Club Misfits <\/strong>f\u00f6r att inte vara produktiva. Trots att de bildades s\u00e5 sent som 2012, s\u00e5 kom nu i januari deras femte skiva, <em>&#8221;The Misadventures Of Fern And Marty&#8221;. <\/em>Rapparna som utg\u00f6r duon &#8211; <strong>Fern <\/strong>och <strong>Marty <\/strong>&#8211; har sj\u00e4lva\u00a0gett namn till skivan och bjussar p\u00e5 tung, sk\u00f6n, sylvass hiphop. Med allt fler fans och st\u00f6rre och st\u00f6rre utrymme p\u00e5 hiphopscenen \u00e4r det en skiva med sj\u00e4lvf\u00f6rtroende och fullastad med budskap &#8211; precis som hiphop ska vara. Ett g\u00e4ng g\u00e4startister ser till att hiphopfesten blir \u00e4n st\u00f6rre, inte minst med tunga namnet <strong>Andy Mineo <\/strong>som en av g\u00e4sterna. En bra b\u00f6rjan p\u00e5 2017 f\u00f6r alla hiphop\u00e4lskare!<\/p>\n<p><strong>Spotify-l\u00e4nk: <\/strong>https:\/\/open.spotify.com\/track\/1FeqXchdtT9yAfxbcvWpTO<br \/>\n<strong>Youtube-l\u00e4nk: <\/strong>https:\/\/www.youtube.com\/watch?v=ZRgxmRKmjT8<\/p>\n<p><a href=\"https:\/\/glowingvibe.files.wordpress.com\/2017\/01\/078982ce99c49329eed029a4fbeaff0c-960x960x1.jpg\"><img loading=\"lazy\" decoding=\"async\" class=\"size-medium wp-image-2318 aligncenter\" src=\"https:\/\/glowingvibe.files.wordpress.com\/2017\/01\/078982ce99c49329eed029a4fbeaff0c-960x960x1.jpg?w=300\" alt=\"078982ce99c49329eed029a4fbeaff0c-960x960x1\" width=\"300\" height=\"300\" \/><\/a><\/p>\n","protected":false},"excerpt":{"rendered":"<p>Man kan knappast anklaga Miami-rapparna i Social Club Misfits f\u00f6r att inte vara produktiva. Trots att de bildades s\u00e5 sent som 2012, s\u00e5 kom nu i januari [&hellip;]<\/p>\n","protected":false},"author":15,"featured_media":0,"comment_status":"open","ping_status":"open","sticky":false,"template":"","format":"standard","meta":{"footnotes":"","_links_to":"","_links_to_target":""},"categories":[1],"tags":[],"class_list":["post-2985","post","type-post","status-publish","format-standard","hentry","category-musik"],"_links":{"self":[{"href":"http:\/\/blogg.varldenidag.se\/musik\/wp-json\/wp\/v2\/posts\/2985","targetHints":{"allow":["GET"]}}],"collection":[{"href":"http:\/\/blogg.varldenidag.se\/musik\/wp-json\/wp\/v2\/posts"}],"about":[{"href":"http:\/\/blogg.varldenidag.se\/musik\/wp-json\/wp\/v2\/types\/post"}],"author":[{"embeddable":true,"href":"http:\/\/blogg.varldenidag.se\/musik\/wp-json\/wp\/v2\/users\/15"}],"replies":[{"embeddable":true,"href":"http:\/\/blogg.varldenidag.se\/musik\/wp-json\/wp\/v2\/comments?post=2985"}],"version-history":[{"count":1,"href":"http:\/\/blogg.varldenidag.se\/musik\/wp-json\/wp\/v2\/posts\/2985\/revisions"}],"predecessor-version":[{"id":2986,"href":"http:\/\/blogg.varldenidag.se\/musik\/wp-json\/wp\/v2\/posts\/2985\/revisions\/2986"}],"wp:attachment":[{"href":"http:\/\/blogg.varldenidag.se\/musik\/wp-json\/wp\/v2\/media?parent=2985"}],"wp:term":[{"taxonomy":"category","embeddable":true,"href":"http:\/\/blogg.varldenidag.se\/musik\/wp-json\/wp\/v2\/categories?post=2985"},{"taxonomy":"post_tag","embeddable":true,"href":"http:\/\/blogg.varldenidag.se\/musik\/wp-json\/wp\/v2\/tags?post=2985"}],"curies":[{"name":"wp","href":"https:\/\/api.w.org\/{rel}","templated":true}]}}