{"id":2983,"date":"2017-01-31T00:44:38","date_gmt":"2017-01-30T23:44:38","guid":{"rendered":"http:\/\/blogg.varldenidag.se\/musik\/?p=2983"},"modified":"2017-01-18T20:44:54","modified_gmt":"2017-01-18T19:44:54","slug":"skon-ballad-fran-v-rose","status":"publish","type":"post","link":"http:\/\/blogg.varldenidag.se\/musik\/skon-ballad-fran-v-rose\/","title":{"rendered":"Sk\u00f6n ballad fr\u00e5n V. Rose"},"content":{"rendered":"<p>Vienna Rose Dare &#8211; eller <strong>V.Rose <\/strong>som hon kort och gott kallar sig som artist &#8211; g\u00e5r fr\u00e5n klarhet till klarhet. F\u00f6rra \u00e5ret sl\u00e4ppte hon platta nummer fem, med en stadigt v\u00e4xande fanskara vid sin sida. P\u00e5 \u00e5rets n\u00e4st sista dag passade hon dessutom p\u00e5 att fira ut 2016 med en riktig sm\u00e4ckande ballad. L\u00e5ten <em>&#8221;Here With Us&#8221; &#8211; <\/em>en cover av <strong>Joy Williams l\u00e5t <\/strong>&#8211; \u00e4r en ballad med viss dos julk\u00e4nsla, men som \u00f6verlever l\u00e5ngt efter att granen kastats ut och all kn\u00e4ck \u00e4tits upp. Vackert!<\/p>\n<p><strong>Spotify-l\u00e4nk: <\/strong>https:\/\/open.spotify.com\/track\/6D0zDrbFSSTmOuscvg8ZA2<br \/>\n<strong>Youtube-l\u00e4nk: <\/strong>https:\/\/www.youtube.com\/watch?v=NDm32-1WSbg<\/p>\n<p><a href=\"https:\/\/glowingvibe.files.wordpress.com\/2017\/01\/fbf2aef7051a58293578307994eb7c0f-1000x1000x1.jpg\"><img loading=\"lazy\" decoding=\"async\" class=\"size-medium wp-image-2315 aligncenter\" src=\"https:\/\/glowingvibe.files.wordpress.com\/2017\/01\/fbf2aef7051a58293578307994eb7c0f-1000x1000x1.jpg?w=300\" alt=\"fbf2aef7051a58293578307994eb7c0f-1000x1000x1\" width=\"300\" height=\"300\" \/><\/a><\/p>\n","protected":false},"excerpt":{"rendered":"<p>Vienna Rose Dare &#8211; eller V.Rose som hon kort och gott kallar sig som artist &#8211; g\u00e5r fr\u00e5n klarhet till klarhet. F\u00f6rra \u00e5ret sl\u00e4ppte hon platta nummer [&hellip;]<\/p>\n","protected":false},"author":15,"featured_media":0,"comment_status":"open","ping_status":"open","sticky":false,"template":"","format":"standard","meta":{"footnotes":"","_links_to":"","_links_to_target":""},"categories":[1],"tags":[],"class_list":["post-2983","post","type-post","status-publish","format-standard","hentry","category-musik"],"_links":{"self":[{"href":"http:\/\/blogg.varldenidag.se\/musik\/wp-json\/wp\/v2\/posts\/2983","targetHints":{"allow":["GET"]}}],"collection":[{"href":"http:\/\/blogg.varldenidag.se\/musik\/wp-json\/wp\/v2\/posts"}],"about":[{"href":"http:\/\/blogg.varldenidag.se\/musik\/wp-json\/wp\/v2\/types\/post"}],"author":[{"embeddable":true,"href":"http:\/\/blogg.varldenidag.se\/musik\/wp-json\/wp\/v2\/users\/15"}],"replies":[{"embeddable":true,"href":"http:\/\/blogg.varldenidag.se\/musik\/wp-json\/wp\/v2\/comments?post=2983"}],"version-history":[{"count":1,"href":"http:\/\/blogg.varldenidag.se\/musik\/wp-json\/wp\/v2\/posts\/2983\/revisions"}],"predecessor-version":[{"id":2984,"href":"http:\/\/blogg.varldenidag.se\/musik\/wp-json\/wp\/v2\/posts\/2983\/revisions\/2984"}],"wp:attachment":[{"href":"http:\/\/blogg.varldenidag.se\/musik\/wp-json\/wp\/v2\/media?parent=2983"}],"wp:term":[{"taxonomy":"category","embeddable":true,"href":"http:\/\/blogg.varldenidag.se\/musik\/wp-json\/wp\/v2\/categories?post=2983"},{"taxonomy":"post_tag","embeddable":true,"href":"http:\/\/blogg.varldenidag.se\/musik\/wp-json\/wp\/v2\/tags?post=2983"}],"curies":[{"name":"wp","href":"https:\/\/api.w.org\/{rel}","templated":true}]}}