{"id":2977,"date":"2017-01-23T00:13:39","date_gmt":"2017-01-22T23:13:39","guid":{"rendered":"http:\/\/blogg.varldenidag.se\/musik\/?p=2977"},"modified":"2017-01-18T20:14:03","modified_gmt":"2017-01-18T19:14:03","slug":"dixon-tillbaka-igen","status":"publish","type":"post","link":"http:\/\/blogg.varldenidag.se\/musik\/dixon-tillbaka-igen\/","title":{"rendered":"Dixon tillbaka igen"},"content":{"rendered":"<p>Han \u00e4r bara 25 \u00e5r, men redan har <strong>Colton Dixon <\/strong>skapat sig ett rej\u00e4lt namn p\u00e5 musikscenen. Allt rivstartade 2012 n\u00e4r han kom sjua i American Idol, men karri\u00e4ren skulle inte d\u00f6 p\u00e5 n\u00e5got s\u00e4tt efter talangjakten. Ist\u00e4llet har <strong>Colton <\/strong>radat upp sina framg\u00e5ngar med den ena sk\u00f6na l\u00e5ten efter den andra. Tredje albumet \u00e4r p\u00e5 int\u00e5gande och fredagen den 13:e januari passade han p\u00e5 att sl\u00e4ppa det f\u00f6rsta smakprovet, <em>&#8221;All That Matters&#8221;. <\/em>Otursdatumet till trots &#8211; det h\u00e4r b\u00e5dar gott f\u00f6r ytterligare en bra skiva fr\u00e5n <strong>Colton!<\/strong><\/p>\n<p><strong>Spotify-l\u00e4nk: <\/strong>https:\/\/open.spotify.com\/track\/3cmjuVhOBS236nPi4rwT5P<br \/>\n<strong>Youtube-l\u00e4nk: <\/strong>https:\/\/www.youtube.com\/watch?v=FqABr3ok0PM<\/p>\n<p><a href=\"https:\/\/glowingvibe.files.wordpress.com\/2017\/01\/colton-dixon_650-430.jpg\"><img loading=\"lazy\" decoding=\"async\" class=\"size-medium wp-image-2306 aligncenter\" src=\"https:\/\/glowingvibe.files.wordpress.com\/2017\/01\/colton-dixon_650-430.jpg?w=300\" alt=\"colton-dixon_650-430\" width=\"300\" height=\"169\" \/><\/a><\/p>\n","protected":false},"excerpt":{"rendered":"<p>Han \u00e4r bara 25 \u00e5r, men redan har Colton Dixon skapat sig ett rej\u00e4lt namn p\u00e5 musikscenen. Allt rivstartade 2012 n\u00e4r han kom sjua i American Idol, [&hellip;]<\/p>\n","protected":false},"author":15,"featured_media":0,"comment_status":"open","ping_status":"open","sticky":false,"template":"","format":"standard","meta":{"footnotes":"","_links_to":"","_links_to_target":""},"categories":[1],"tags":[],"class_list":["post-2977","post","type-post","status-publish","format-standard","hentry","category-musik"],"_links":{"self":[{"href":"http:\/\/blogg.varldenidag.se\/musik\/wp-json\/wp\/v2\/posts\/2977","targetHints":{"allow":["GET"]}}],"collection":[{"href":"http:\/\/blogg.varldenidag.se\/musik\/wp-json\/wp\/v2\/posts"}],"about":[{"href":"http:\/\/blogg.varldenidag.se\/musik\/wp-json\/wp\/v2\/types\/post"}],"author":[{"embeddable":true,"href":"http:\/\/blogg.varldenidag.se\/musik\/wp-json\/wp\/v2\/users\/15"}],"replies":[{"embeddable":true,"href":"http:\/\/blogg.varldenidag.se\/musik\/wp-json\/wp\/v2\/comments?post=2977"}],"version-history":[{"count":1,"href":"http:\/\/blogg.varldenidag.se\/musik\/wp-json\/wp\/v2\/posts\/2977\/revisions"}],"predecessor-version":[{"id":2978,"href":"http:\/\/blogg.varldenidag.se\/musik\/wp-json\/wp\/v2\/posts\/2977\/revisions\/2978"}],"wp:attachment":[{"href":"http:\/\/blogg.varldenidag.se\/musik\/wp-json\/wp\/v2\/media?parent=2977"}],"wp:term":[{"taxonomy":"category","embeddable":true,"href":"http:\/\/blogg.varldenidag.se\/musik\/wp-json\/wp\/v2\/categories?post=2977"},{"taxonomy":"post_tag","embeddable":true,"href":"http:\/\/blogg.varldenidag.se\/musik\/wp-json\/wp\/v2\/tags?post=2977"}],"curies":[{"name":"wp","href":"https:\/\/api.w.org\/{rel}","templated":true}]}}