{"id":2973,"date":"2017-01-18T19:54:28","date_gmt":"2017-01-18T18:54:28","guid":{"rendered":"http:\/\/blogg.varldenidag.se\/musik\/?p=2973"},"modified":"2017-01-18T19:54:28","modified_gmt":"2017-01-18T18:54:28","slug":"fulltraff-fran-outsiders","status":"publish","type":"post","link":"http:\/\/blogg.varldenidag.se\/musik\/fulltraff-fran-outsiders\/","title":{"rendered":"Fulltr\u00e4ff fr\u00e5n Outsiders"},"content":{"rendered":"<p>Vad passar b\u00e4ttre \u00e4n att rivstarta det nya \u00e5ret med en riktig superl\u00e5t fr\u00e5n 2016? Det \u00e4r l\u00e4tt att missa riktiga p\u00e4rlor, och i det h\u00e4r fallet \u00e4r det precis vad som har h\u00e4nt. F\u00f6r amerikanska <strong>The Outsiders <\/strong>har med sin <em>&#8221;Steady Me&#8221; <\/em>skapat en riktig fulltr\u00e4ff &#8211; en l\u00e5t med sk\u00f6n energi och text och paketerat i en n\u00e5got 80-talsdoftande popdress.<\/p>\n<p><strong>The Outsiders <\/strong>beskriver sig sj\u00e4lva som ett g\u00e4ng v\u00e4nner som en sommarkv\u00e4ll best\u00e4mde sig f\u00f6r att skriva lovs\u00e5ng ihop och l\u00e4sa Bibeln tillsammans. Det hela resulterade i en av 2016 \u00e5rs mest intressanta skivor, <em>&#8221;Tuesday Night&#8221;.<\/em><\/p>\n<p>N\u00e5got s\u00e4ger mig att det h\u00e4r bandet kommer g\u00f6ra mer v\u00e4sen av sig, s\u00e5 vill du uppt\u00e4cka ny sp\u00e4nnande musik f\u00f6re de flesta andra ska du lyssna in detta. Det h\u00e4r b\u00f6r du inte missa!<\/p>\n<p><strong>Spotify-l\u00e4nk: <\/strong>https:\/\/open.spotify.com\/track\/2vwKE0viHAGB8dxBSNcNri<br \/>\n<strong>Youtube-l\u00e4nk: <\/strong>https:\/\/www.youtube.com\/watch?v=aWfe913TaEc<\/p>\n<p><a href=\"https:\/\/glowingvibe.files.wordpress.com\/2017\/01\/500x500.jpg\"><img loading=\"lazy\" decoding=\"async\" class=\"size-medium wp-image-2300 aligncenter\" src=\"https:\/\/glowingvibe.files.wordpress.com\/2017\/01\/500x500.jpg?w=300\" alt=\"500x500\" width=\"300\" height=\"300\" \/><\/a><\/p>\n","protected":false},"excerpt":{"rendered":"<p>Vad passar b\u00e4ttre \u00e4n att rivstarta det nya \u00e5ret med en riktig superl\u00e5t fr\u00e5n 2016? Det \u00e4r l\u00e4tt att missa riktiga p\u00e4rlor, och i det h\u00e4r fallet [&hellip;]<\/p>\n","protected":false},"author":15,"featured_media":0,"comment_status":"open","ping_status":"open","sticky":false,"template":"","format":"standard","meta":{"footnotes":"","_links_to":"","_links_to_target":""},"categories":[1],"tags":[],"class_list":["post-2973","post","type-post","status-publish","format-standard","hentry","category-musik"],"_links":{"self":[{"href":"http:\/\/blogg.varldenidag.se\/musik\/wp-json\/wp\/v2\/posts\/2973","targetHints":{"allow":["GET"]}}],"collection":[{"href":"http:\/\/blogg.varldenidag.se\/musik\/wp-json\/wp\/v2\/posts"}],"about":[{"href":"http:\/\/blogg.varldenidag.se\/musik\/wp-json\/wp\/v2\/types\/post"}],"author":[{"embeddable":true,"href":"http:\/\/blogg.varldenidag.se\/musik\/wp-json\/wp\/v2\/users\/15"}],"replies":[{"embeddable":true,"href":"http:\/\/blogg.varldenidag.se\/musik\/wp-json\/wp\/v2\/comments?post=2973"}],"version-history":[{"count":1,"href":"http:\/\/blogg.varldenidag.se\/musik\/wp-json\/wp\/v2\/posts\/2973\/revisions"}],"predecessor-version":[{"id":2974,"href":"http:\/\/blogg.varldenidag.se\/musik\/wp-json\/wp\/v2\/posts\/2973\/revisions\/2974"}],"wp:attachment":[{"href":"http:\/\/blogg.varldenidag.se\/musik\/wp-json\/wp\/v2\/media?parent=2973"}],"wp:term":[{"taxonomy":"category","embeddable":true,"href":"http:\/\/blogg.varldenidag.se\/musik\/wp-json\/wp\/v2\/categories?post=2973"},{"taxonomy":"post_tag","embeddable":true,"href":"http:\/\/blogg.varldenidag.se\/musik\/wp-json\/wp\/v2\/tags?post=2973"}],"curies":[{"name":"wp","href":"https:\/\/api.w.org\/{rel}","templated":true}]}}