{"id":2970,"date":"2017-01-01T00:09:58","date_gmt":"2016-12-31T23:09:58","guid":{"rendered":"http:\/\/blogg.varldenidag.se\/musik\/?p=2970"},"modified":"2016-12-18T21:10:25","modified_gmt":"2016-12-18T20:10:25","slug":"lyssna-pa-det-senaste","status":"publish","type":"post","link":"http:\/\/blogg.varldenidag.se\/musik\/lyssna-pa-det-senaste\/","title":{"rendered":"Lyssna p\u00e5 det senaste!"},"content":{"rendered":"<p>Bloggen tar en liten kort ledighet p\u00e5 n\u00e5gra veckor, men h\u00e5ll utkik inom kort igen d\u00e5 vi startar resan med att\u00a0lotsa dig igenom musik\u00e5ret 2017!<\/p>\n<p>Tills dess; f\u00f6lj g\u00e4rna v\u00e5r spellista <strong>Vibe Fresh <\/strong>d\u00e4r vi st\u00e4ndigt uppdaterar med rykande f\u00e4rsk musik. Klicka p\u00e5 l\u00e4nken nedan f\u00f6r att lyssna!<\/p>\n<p><strong>Spotify: <\/strong>https:\/\/open.spotify.com\/user\/coturnix\/playlist\/3S9KzdLjzBW1PmvzSbcdQf<\/p>\n","protected":false},"excerpt":{"rendered":"<p>Bloggen tar en liten kort ledighet p\u00e5 n\u00e5gra veckor, men h\u00e5ll utkik inom kort igen d\u00e5 vi startar resan med att\u00a0lotsa dig igenom musik\u00e5ret 2017! Tills dess; [&hellip;]<\/p>\n","protected":false},"author":15,"featured_media":0,"comment_status":"open","ping_status":"open","sticky":false,"template":"","format":"standard","meta":{"footnotes":"","_links_to":"","_links_to_target":""},"categories":[1],"tags":[],"class_list":["post-2970","post","type-post","status-publish","format-standard","hentry","category-musik"],"_links":{"self":[{"href":"http:\/\/blogg.varldenidag.se\/musik\/wp-json\/wp\/v2\/posts\/2970","targetHints":{"allow":["GET"]}}],"collection":[{"href":"http:\/\/blogg.varldenidag.se\/musik\/wp-json\/wp\/v2\/posts"}],"about":[{"href":"http:\/\/blogg.varldenidag.se\/musik\/wp-json\/wp\/v2\/types\/post"}],"author":[{"embeddable":true,"href":"http:\/\/blogg.varldenidag.se\/musik\/wp-json\/wp\/v2\/users\/15"}],"replies":[{"embeddable":true,"href":"http:\/\/blogg.varldenidag.se\/musik\/wp-json\/wp\/v2\/comments?post=2970"}],"version-history":[{"count":1,"href":"http:\/\/blogg.varldenidag.se\/musik\/wp-json\/wp\/v2\/posts\/2970\/revisions"}],"predecessor-version":[{"id":2971,"href":"http:\/\/blogg.varldenidag.se\/musik\/wp-json\/wp\/v2\/posts\/2970\/revisions\/2971"}],"wp:attachment":[{"href":"http:\/\/blogg.varldenidag.se\/musik\/wp-json\/wp\/v2\/media?parent=2970"}],"wp:term":[{"taxonomy":"category","embeddable":true,"href":"http:\/\/blogg.varldenidag.se\/musik\/wp-json\/wp\/v2\/categories?post=2970"},{"taxonomy":"post_tag","embeddable":true,"href":"http:\/\/blogg.varldenidag.se\/musik\/wp-json\/wp\/v2\/tags?post=2970"}],"curies":[{"name":"wp","href":"https:\/\/api.w.org\/{rel}","templated":true}]}}