{"id":2962,"date":"2016-12-28T00:03:50","date_gmt":"2016-12-27T23:03:50","guid":{"rendered":"http:\/\/blogg.varldenidag.se\/musik\/?p=2962"},"modified":"2016-12-18T21:05:20","modified_gmt":"2016-12-18T20:05:20","slug":"vibe-topp-16-2016-plats-4","status":"publish","type":"post","link":"http:\/\/blogg.varldenidag.se\/musik\/vibe-topp-16-2016-plats-4\/","title":{"rendered":"Vibe Topp 16 2016: Plats 4"},"content":{"rendered":"<p><i>Nu k\u00f6r vi!<br \/>\nVarje dag fram till 31 december r\u00e4knar vi ner \u00e5rets 16\u00a0allra vassaste l\u00e5tar under det g\u00e5ngna musik\u00e5ret. Vibe Topp 16 2016, helt enkelt.<\/i><\/p>\n<p>N\u00e4r vi pratade\u00a0<strong>Britt Nicole\u00a0<\/strong>f\u00f6r n\u00e5gra placeringar sedan snackade vi om efterl\u00e4ngtad comeback. H\u00e4r g\u00e5r det inte att s\u00e4ga annat \u00e4n samma sak. F\u00f6r n\u00e4r\u00a0<strong>Lacey Sturm\u00a0<\/strong>l\u00e4mnade mikrofonen i hypade rockbandet\u00a0<strong>Flyleaf\u00a0<\/strong>och ist\u00e4llet satsade p\u00e5 sitt familjeliv, s\u00e5 l\u00e4mnade hon ett stort h\u00e5l efter sig. D\u00e4rf\u00f6r kan hennes f\u00f6rsta soloplatta, <em>&#8221;Life Screams&#8221;,\u00a0<\/em>som sl\u00e4pptes i \u00e5r vara en av de allra mest efterl\u00e4ngtade comebackerna under \u00e5ret.\u00a0Hennes r\u00f6st och energi \u00e4r sv\u00e5rslagen, vilket hon bevisar g\u00e5ng efter annan p\u00e5 skivan. N\u00e5gra l\u00e5tar \u00e4r sylvassa, som denna\u00a0<em>&#8221;Impossible&#8221; \u2013\u00a0<\/em>en av \u00e5rets allra, allra grymmaste rockl\u00e5tar. Vi l\u00e4ngtar redan efter mer fr\u00e5n\u00a0<strong>Lacey!<\/strong><\/p>\n<p><strong>Spotify-l\u00e4nk:\u00a0<\/strong>https:\/\/open.spotify.com\/track\/0Q6oot2QJBeeDL4IuxgZQU<br \/>\n<strong>Youtube-l\u00e4nk:<\/strong>\u00a0https:\/\/www.youtube.com\/watch?v=oRPu1Owj7DM<\/p>\n<p><a href=\"https:\/\/glowingvibe.files.wordpress.com\/2016\/01\/maxresdefault.jpg\"><img loading=\"lazy\" decoding=\"async\" class=\"size-medium wp-image-1921 aligncenter\" src=\"https:\/\/glowingvibe.files.wordpress.com\/2016\/01\/maxresdefault.jpg?w=300\" alt=\"maxresdefault\" width=\"300\" height=\"169\" \/><\/a><\/p>\n","protected":false},"excerpt":{"rendered":"<p>Nu k\u00f6r vi! Varje dag fram till 31 december r\u00e4knar vi ner \u00e5rets 16\u00a0allra vassaste l\u00e5tar under det g\u00e5ngna musik\u00e5ret. Vibe Topp 16 2016, helt enkelt. N\u00e4r [&hellip;]<\/p>\n","protected":false},"author":15,"featured_media":0,"comment_status":"open","ping_status":"open","sticky":false,"template":"","format":"standard","meta":{"footnotes":"","_links_to":"","_links_to_target":""},"categories":[1],"tags":[],"class_list":["post-2962","post","type-post","status-publish","format-standard","hentry","category-musik"],"_links":{"self":[{"href":"http:\/\/blogg.varldenidag.se\/musik\/wp-json\/wp\/v2\/posts\/2962","targetHints":{"allow":["GET"]}}],"collection":[{"href":"http:\/\/blogg.varldenidag.se\/musik\/wp-json\/wp\/v2\/posts"}],"about":[{"href":"http:\/\/blogg.varldenidag.se\/musik\/wp-json\/wp\/v2\/types\/post"}],"author":[{"embeddable":true,"href":"http:\/\/blogg.varldenidag.se\/musik\/wp-json\/wp\/v2\/users\/15"}],"replies":[{"embeddable":true,"href":"http:\/\/blogg.varldenidag.se\/musik\/wp-json\/wp\/v2\/comments?post=2962"}],"version-history":[{"count":1,"href":"http:\/\/blogg.varldenidag.se\/musik\/wp-json\/wp\/v2\/posts\/2962\/revisions"}],"predecessor-version":[{"id":2963,"href":"http:\/\/blogg.varldenidag.se\/musik\/wp-json\/wp\/v2\/posts\/2962\/revisions\/2963"}],"wp:attachment":[{"href":"http:\/\/blogg.varldenidag.se\/musik\/wp-json\/wp\/v2\/media?parent=2962"}],"wp:term":[{"taxonomy":"category","embeddable":true,"href":"http:\/\/blogg.varldenidag.se\/musik\/wp-json\/wp\/v2\/categories?post=2962"},{"taxonomy":"post_tag","embeddable":true,"href":"http:\/\/blogg.varldenidag.se\/musik\/wp-json\/wp\/v2\/tags?post=2962"}],"curies":[{"name":"wp","href":"https:\/\/api.w.org\/{rel}","templated":true}]}}