{"id":2913,"date":"2016-12-08T00:04:48","date_gmt":"2016-12-07T23:04:48","guid":{"rendered":"http:\/\/blogg.varldenidag.se\/musik\/?p=2913"},"modified":"2016-12-02T11:49:05","modified_gmt":"2016-12-02T10:49:05","slug":"dansanta-beats-fran-parker","status":"publish","type":"post","link":"http:\/\/blogg.varldenidag.se\/musik\/dansanta-beats-fran-parker\/","title":{"rendered":"Dansanta beats fr\u00e5n Parker"},"content":{"rendered":"<div class=\"video-container\"><iframe loading=\"lazy\" title=\"Matthew Parker - &quot;Ghost&quot;\" width=\"500\" height=\"281\" src=\"https:\/\/www.youtube.com\/embed\/x4t070BXfTY?feature=oembed\" frameborder=\"0\" allow=\"accelerometer; autoplay; clipboard-write; encrypted-media; gyroscope; picture-in-picture; web-share\" referrerpolicy=\"strict-origin-when-cross-origin\" allowfullscreen><\/iframe><\/div>\n<p>&nbsp;<\/p>\n<p>CCM-scenen kryllar inte direkt av framg\u00e5ngsrika DJ:s, men <strong>Matthew Parker <\/strong>\u00e4r p\u00e5 god v\u00e4g att skapa sig ett namn i dancegenren. 22-\u00e5rige <strong>Parker <\/strong>har redan remixat l\u00e5tar \u00e5t bland andra <strong>Capital Kings <\/strong>och <strong>Lecrae, <\/strong>samtidig som han sl\u00e4ppt en del egna alster. Allra senaste kom hans sk\u00f6na EDM-d\u00e4nga <em>&#8221;Ghost&#8221;<\/em> &#8211; en l\u00e5t som gjord f\u00f6r vilken fest som helst och som skapad f\u00f6r att n\u00e5 ut brett. Klart \u00e4r att <strong>Parker <\/strong>har framtiden f\u00f6r sig och bli inte f\u00f6rv\u00e5nad om denna grabb blir n\u00e5got riktigt riktigt stort. Dags att uppt\u00e4cka, om du inte redan gjort det!<\/p>\n<p><strong>Spotify-l\u00e4nk: <\/strong><a href=\"https:\/\/open.spotify.com\/track\/1yvf6gQmbBR0boNtUBxjiK\">https:\/\/open.spotify.com\/track\/1yvf6gQmbBR0boNtUBxjiK<\/a><\/p>\n<p><a href=\"https:\/\/glowingvibe.files.wordpress.com\/2016\/11\/9ad470ae2909a1047e14c6882ca131355816ddba.jpg\"><img loading=\"lazy\" decoding=\"async\" class=\"size-medium wp-image-2243 aligncenter\" src=\"https:\/\/glowingvibe.files.wordpress.com\/2016\/11\/9ad470ae2909a1047e14c6882ca131355816ddba.jpg?w=300\" alt=\"9ad470ae2909a1047e14c6882ca131355816ddba\" width=\"300\" height=\"300\" \/><\/a><\/p>\n","protected":false},"excerpt":{"rendered":"<p>&nbsp; CCM-scenen kryllar inte direkt av framg\u00e5ngsrika DJ:s, men Matthew Parker \u00e4r p\u00e5 god v\u00e4g att skapa sig ett namn i dancegenren. 22-\u00e5rige Parker har redan remixat [&hellip;]<\/p>\n","protected":false},"author":15,"featured_media":0,"comment_status":"open","ping_status":"open","sticky":false,"template":"","format":"standard","meta":{"footnotes":"","_links_to":"","_links_to_target":""},"categories":[1],"tags":[],"class_list":["post-2913","post","type-post","status-publish","format-standard","hentry","category-musik"],"_links":{"self":[{"href":"http:\/\/blogg.varldenidag.se\/musik\/wp-json\/wp\/v2\/posts\/2913","targetHints":{"allow":["GET"]}}],"collection":[{"href":"http:\/\/blogg.varldenidag.se\/musik\/wp-json\/wp\/v2\/posts"}],"about":[{"href":"http:\/\/blogg.varldenidag.se\/musik\/wp-json\/wp\/v2\/types\/post"}],"author":[{"embeddable":true,"href":"http:\/\/blogg.varldenidag.se\/musik\/wp-json\/wp\/v2\/users\/15"}],"replies":[{"embeddable":true,"href":"http:\/\/blogg.varldenidag.se\/musik\/wp-json\/wp\/v2\/comments?post=2913"}],"version-history":[{"count":2,"href":"http:\/\/blogg.varldenidag.se\/musik\/wp-json\/wp\/v2\/posts\/2913\/revisions"}],"predecessor-version":[{"id":2930,"href":"http:\/\/blogg.varldenidag.se\/musik\/wp-json\/wp\/v2\/posts\/2913\/revisions\/2930"}],"wp:attachment":[{"href":"http:\/\/blogg.varldenidag.se\/musik\/wp-json\/wp\/v2\/media?parent=2913"}],"wp:term":[{"taxonomy":"category","embeddable":true,"href":"http:\/\/blogg.varldenidag.se\/musik\/wp-json\/wp\/v2\/categories?post=2913"},{"taxonomy":"post_tag","embeddable":true,"href":"http:\/\/blogg.varldenidag.se\/musik\/wp-json\/wp\/v2\/tags?post=2913"}],"curies":[{"name":"wp","href":"https:\/\/api.w.org\/{rel}","templated":true}]}}