{"id":2909,"date":"2016-12-04T00:34:15","date_gmt":"2016-12-03T23:34:15","guid":{"rendered":"http:\/\/blogg.varldenidag.se\/musik\/?p=2909"},"modified":"2016-12-02T11:44:36","modified_gmt":"2016-12-02T10:44:36","slug":"nya-klassiker-fran-baloche","status":"publish","type":"post","link":"http:\/\/blogg.varldenidag.se\/musik\/nya-klassiker-fran-baloche\/","title":{"rendered":"Nya klassiker fr\u00e5n Baloche"},"content":{"rendered":"<div class=\"video-container\"><iframe loading=\"lazy\" title=\"Paul Baloche - Psalm 92 (It Is Good)\" width=\"500\" height=\"281\" src=\"https:\/\/www.youtube.com\/embed\/PFJB28gqqPY?feature=oembed\" frameborder=\"0\" allow=\"accelerometer; autoplay; clipboard-write; encrypted-media; gyroscope; picture-in-picture; web-share\" referrerpolicy=\"strict-origin-when-cross-origin\" allowfullscreen><\/iframe><\/div>\n<p>&nbsp;<\/p>\n<p>Det \u00e4r n\u00e5got speciellt med <strong>Paul Baloche. <\/strong>Amerikanska artisten och l\u00e5tskrivaren har en s\u00e4llsam f\u00f6rm\u00e5ga att skriva l\u00e5tar, vilket det faktum att han ligger bakom od\u00f6dliga verk som <em>&#8221;Open The Eyes Of My Heart&#8221; <\/em>och <em>&#8221;Above All&#8221; <\/em>visar med all \u00f6nskv\u00e4rd tydlighet. Hans meritlista \u00e4r l\u00e5ng; p\u00e5 den 24 \u00e5r l\u00e5nga karri\u00e4ren har han sl\u00e4ppt inte mindre \u00e4n 17 skivor (liveskivor och julskivor inkluderat) och prissk\u00e5pet \u00e4r v\u00e4lfyllt sedan l\u00e4nge.<br \/>\nHans senaste bidrag till sitt CV \u00e4r skivan <em>&#8221;Your Mercy&#8221; <\/em>som kom nyligen, och d\u00e4r 54-\u00e5rige <strong>Baloche <\/strong>forts\u00e4tter att imponera. Redan vid f\u00f6rsta l\u00e5ten f\u00f6rsta l\u00e5ten, <em>&#8221;Psalm 92 (It Is Good) <\/em>\u00e4r det l\u00e4tt att bli fast \u2013\u00a0f\u00f6r b\u00e5de texter och musik talar direkt till hj\u00e4rtat. En skiva som v\u00e4rmer i vinterkylan!<\/p>\n<p><strong>Spotify-l\u00e4nk: <\/strong><a href=\"https:\/\/open.spotify.com\/track\/7BdrX9rWXyGQgMHhs0RMqC\">https:\/\/open.spotify.com\/track\/7BdrX9rWXyGQgMHhs0RMqC<\/a><\/p>\n<p>&nbsp;<\/p>\n<p><a href=\"https:\/\/glowingvibe.files.wordpress.com\/2016\/11\/paul-baloches-your-mercy.jpg\"><img loading=\"lazy\" decoding=\"async\" class=\"size-medium wp-image-2236 aligncenter\" src=\"https:\/\/glowingvibe.files.wordpress.com\/2016\/11\/paul-baloches-your-mercy.jpg?w=300\" alt=\"paul-baloches-your-mercy\" width=\"300\" height=\"300\" \/><\/a><\/p>\n","protected":false},"excerpt":{"rendered":"<p>&nbsp; Det \u00e4r n\u00e5got speciellt med Paul Baloche. Amerikanska artisten och l\u00e5tskrivaren har en s\u00e4llsam f\u00f6rm\u00e5ga att skriva l\u00e5tar, vilket det faktum att han ligger bakom od\u00f6dliga [&hellip;]<\/p>\n","protected":false},"author":15,"featured_media":0,"comment_status":"open","ping_status":"open","sticky":false,"template":"","format":"standard","meta":{"footnotes":"","_links_to":"","_links_to_target":""},"categories":[1],"tags":[],"class_list":["post-2909","post","type-post","status-publish","format-standard","hentry","category-musik"],"_links":{"self":[{"href":"http:\/\/blogg.varldenidag.se\/musik\/wp-json\/wp\/v2\/posts\/2909","targetHints":{"allow":["GET"]}}],"collection":[{"href":"http:\/\/blogg.varldenidag.se\/musik\/wp-json\/wp\/v2\/posts"}],"about":[{"href":"http:\/\/blogg.varldenidag.se\/musik\/wp-json\/wp\/v2\/types\/post"}],"author":[{"embeddable":true,"href":"http:\/\/blogg.varldenidag.se\/musik\/wp-json\/wp\/v2\/users\/15"}],"replies":[{"embeddable":true,"href":"http:\/\/blogg.varldenidag.se\/musik\/wp-json\/wp\/v2\/comments?post=2909"}],"version-history":[{"count":5,"href":"http:\/\/blogg.varldenidag.se\/musik\/wp-json\/wp\/v2\/posts\/2909\/revisions"}],"predecessor-version":[{"id":2927,"href":"http:\/\/blogg.varldenidag.se\/musik\/wp-json\/wp\/v2\/posts\/2909\/revisions\/2927"}],"wp:attachment":[{"href":"http:\/\/blogg.varldenidag.se\/musik\/wp-json\/wp\/v2\/media?parent=2909"}],"wp:term":[{"taxonomy":"category","embeddable":true,"href":"http:\/\/blogg.varldenidag.se\/musik\/wp-json\/wp\/v2\/categories?post=2909"},{"taxonomy":"post_tag","embeddable":true,"href":"http:\/\/blogg.varldenidag.se\/musik\/wp-json\/wp\/v2\/tags?post=2909"}],"curies":[{"name":"wp","href":"https:\/\/api.w.org\/{rel}","templated":true}]}}