{"id":2882,"date":"2016-11-27T00:30:54","date_gmt":"2016-11-26T23:30:54","guid":{"rendered":"http:\/\/blogg.varldenidag.se\/musik\/?p=2882"},"modified":"2016-11-23T11:51:35","modified_gmt":"2016-11-23T10:51:35","slug":"julstamning-med-west","status":"publish","type":"post","link":"http:\/\/blogg.varldenidag.se\/musik\/julstamning-med-west\/","title":{"rendered":"Julst\u00e4mning med West"},"content":{"rendered":"<div class=\"video-container\"><iframe loading=\"lazy\" title=\"Matthew West - The First Noel (Sing Noel) (Audio)\" width=\"500\" height=\"281\" src=\"https:\/\/www.youtube.com\/embed\/SyZE3KZD5sY?feature=oembed\" frameborder=\"0\" allow=\"accelerometer; autoplay; clipboard-write; encrypted-media; gyroscope; picture-in-picture; web-share\" referrerpolicy=\"strict-origin-when-cross-origin\" allowfullscreen><\/iframe><\/div>\n<p>&nbsp;<\/p>\n<p>Det g\u00e5r bra f\u00f6r amerikanen <strong>Matthew West <\/strong>just nu. Hans framg\u00e5ngar har avl\u00f6st varandra de senaste \u00e5ren, men nu st\u00e4ller han om fokus \u2013\u00a0om \u00e4n tillf\u00e4lligt. Herr <strong>West <\/strong>ser n\u00e4mligen till att julst\u00e4mningen infinner sig genom sin skiva <em>&#8221;Unto Us: A Christmas Collection&#8221;. <\/em>Fylld med b\u00e5de ett knippe klassiker och n\u00e5gra f\u00e4rska s\u00e5nger s\u00e5 blir resultatet en lyckad julbakelse v\u00e4rd att lyssna in i adventstid.<\/p>\n<p><strong>Spotify-l\u00e4nk:<\/strong> <a href=\"https:\/\/open.spotify.com\/track\/6qIvl6jHnGu8gJvaK4A4EB\">https:\/\/open.spotify.com\/track\/6qIvl6jHnGu8gJvaK4A4EB<\/a><\/p>\n<p><a href=\"https:\/\/glowingvibe.files.wordpress.com\/2016\/11\/matthew-west.jpg\"><img loading=\"lazy\" decoding=\"async\" class=\"size-medium wp-image-2224 aligncenter\" src=\"https:\/\/glowingvibe.files.wordpress.com\/2016\/11\/matthew-west.jpg?w=300\" alt=\"matthew-west\" width=\"300\" height=\"300\" \/><\/a><\/p>\n","protected":false},"excerpt":{"rendered":"<p>&nbsp; Det g\u00e5r bra f\u00f6r amerikanen Matthew West just nu. Hans framg\u00e5ngar har avl\u00f6st varandra de senaste \u00e5ren, men nu st\u00e4ller han om fokus \u2013\u00a0om \u00e4n tillf\u00e4lligt. [&hellip;]<\/p>\n","protected":false},"author":15,"featured_media":0,"comment_status":"open","ping_status":"open","sticky":false,"template":"","format":"standard","meta":{"footnotes":"","_links_to":"","_links_to_target":""},"categories":[1],"tags":[],"class_list":["post-2882","post","type-post","status-publish","format-standard","hentry","category-musik"],"_links":{"self":[{"href":"http:\/\/blogg.varldenidag.se\/musik\/wp-json\/wp\/v2\/posts\/2882","targetHints":{"allow":["GET"]}}],"collection":[{"href":"http:\/\/blogg.varldenidag.se\/musik\/wp-json\/wp\/v2\/posts"}],"about":[{"href":"http:\/\/blogg.varldenidag.se\/musik\/wp-json\/wp\/v2\/types\/post"}],"author":[{"embeddable":true,"href":"http:\/\/blogg.varldenidag.se\/musik\/wp-json\/wp\/v2\/users\/15"}],"replies":[{"embeddable":true,"href":"http:\/\/blogg.varldenidag.se\/musik\/wp-json\/wp\/v2\/comments?post=2882"}],"version-history":[{"count":4,"href":"http:\/\/blogg.varldenidag.se\/musik\/wp-json\/wp\/v2\/posts\/2882\/revisions"}],"predecessor-version":[{"id":2894,"href":"http:\/\/blogg.varldenidag.se\/musik\/wp-json\/wp\/v2\/posts\/2882\/revisions\/2894"}],"wp:attachment":[{"href":"http:\/\/blogg.varldenidag.se\/musik\/wp-json\/wp\/v2\/media?parent=2882"}],"wp:term":[{"taxonomy":"category","embeddable":true,"href":"http:\/\/blogg.varldenidag.se\/musik\/wp-json\/wp\/v2\/categories?post=2882"},{"taxonomy":"post_tag","embeddable":true,"href":"http:\/\/blogg.varldenidag.se\/musik\/wp-json\/wp\/v2\/tags?post=2882"}],"curies":[{"name":"wp","href":"https:\/\/api.w.org\/{rel}","templated":true}]}}