{"id":2860,"date":"2016-11-15T00:30:07","date_gmt":"2016-11-14T23:30:07","guid":{"rendered":"http:\/\/blogg.varldenidag.se\/musik\/?p=2860"},"modified":"2016-11-14T11:40:45","modified_gmt":"2016-11-14T10:40:45","slug":"gospelguld-fran-orebro","status":"publish","type":"post","link":"http:\/\/blogg.varldenidag.se\/musik\/gospelguld-fran-orebro\/","title":{"rendered":"Gospelguld fr\u00e5n \u00d6rebro"},"content":{"rendered":"<p>\u00d6rebrobaserade <strong>Joakim Arenius <\/strong>har gjort det f\u00f6rut \u2013\u00a0skapat gospel av absolut b\u00e4sta sort. Och nu \u00e4r han tillsammans med sitt <strong>Praise Unit <\/strong>h\u00e4r med nytt material och \u00e5terigen \u00e4r det ett m\u00e4sterverk han skapat. Tillsammans med en hel dr\u00f6s v\u00e4nner f\u00e5r han ihop en gospelplatta som \u00e4r tight och v\u00e4ldigt genomarbetad i s\u00e5v\u00e4l musik som texter. <em>&#8221;Be The Plan&#8221; <\/em>f\u00e5r inte missas \u2013\u00a0\u00e5rets kanske b\u00e4sta gospelskiva!<\/p>\n<p><strong>Spotify-l\u00e4nk: <\/strong><a href=\"https:\/\/open.spotify.com\/track\/13XGybhVLiMGIcP63CnoJE\">https:\/\/open.spotify.com\/track\/13XGybhVLiMGIcP63CnoJE<\/a><\/p>\n<p><a href=\"https:\/\/glowingvibe.files.wordpress.com\/2016\/11\/393257.jpg\"><img loading=\"lazy\" decoding=\"async\" class=\"size-medium wp-image-2213 aligncenter\" src=\"https:\/\/glowingvibe.files.wordpress.com\/2016\/11\/393257.jpg?w=300\" alt=\"393257\" width=\"300\" height=\"270\" \/><\/a><\/p>\n","protected":false},"excerpt":{"rendered":"<p>\u00d6rebrobaserade Joakim Arenius har gjort det f\u00f6rut \u2013\u00a0skapat gospel av absolut b\u00e4sta sort. Och nu \u00e4r han tillsammans med sitt Praise Unit h\u00e4r med nytt material och [&hellip;]<\/p>\n","protected":false},"author":15,"featured_media":0,"comment_status":"open","ping_status":"open","sticky":false,"template":"","format":"standard","meta":{"footnotes":"","_links_to":"","_links_to_target":""},"categories":[1],"tags":[],"class_list":["post-2860","post","type-post","status-publish","format-standard","hentry","category-musik"],"_links":{"self":[{"href":"http:\/\/blogg.varldenidag.se\/musik\/wp-json\/wp\/v2\/posts\/2860","targetHints":{"allow":["GET"]}}],"collection":[{"href":"http:\/\/blogg.varldenidag.se\/musik\/wp-json\/wp\/v2\/posts"}],"about":[{"href":"http:\/\/blogg.varldenidag.se\/musik\/wp-json\/wp\/v2\/types\/post"}],"author":[{"embeddable":true,"href":"http:\/\/blogg.varldenidag.se\/musik\/wp-json\/wp\/v2\/users\/15"}],"replies":[{"embeddable":true,"href":"http:\/\/blogg.varldenidag.se\/musik\/wp-json\/wp\/v2\/comments?post=2860"}],"version-history":[{"count":4,"href":"http:\/\/blogg.varldenidag.se\/musik\/wp-json\/wp\/v2\/posts\/2860\/revisions"}],"predecessor-version":[{"id":2868,"href":"http:\/\/blogg.varldenidag.se\/musik\/wp-json\/wp\/v2\/posts\/2860\/revisions\/2868"}],"wp:attachment":[{"href":"http:\/\/blogg.varldenidag.se\/musik\/wp-json\/wp\/v2\/media?parent=2860"}],"wp:term":[{"taxonomy":"category","embeddable":true,"href":"http:\/\/blogg.varldenidag.se\/musik\/wp-json\/wp\/v2\/categories?post=2860"},{"taxonomy":"post_tag","embeddable":true,"href":"http:\/\/blogg.varldenidag.se\/musik\/wp-json\/wp\/v2\/tags?post=2860"}],"curies":[{"name":"wp","href":"https:\/\/api.w.org\/{rel}","templated":true}]}}