{"id":2818,"date":"2016-10-25T00:50:34","date_gmt":"2016-10-24T22:50:34","guid":{"rendered":"http:\/\/blogg.varldenidag.se\/musik\/?p=2818"},"modified":"2016-11-23T11:53:29","modified_gmt":"2016-11-23T10:53:29","slug":"medryckande-danga-fran-gungor","status":"publish","type":"post","link":"http:\/\/blogg.varldenidag.se\/musik\/medryckande-danga-fran-gungor\/","title":{"rendered":"Medryckande d\u00e4nga fr\u00e5n Gungor"},"content":{"rendered":"<div class=\"video-container\"><iframe loading=\"lazy\" title=\"Gungor - Walking With Our Eyes Closed (Official Music Video)\" width=\"500\" height=\"281\" src=\"https:\/\/www.youtube.com\/embed\/jc1WDZ3bv9U?feature=oembed\" frameborder=\"0\" allow=\"accelerometer; autoplay; clipboard-write; encrypted-media; gyroscope; picture-in-picture; web-share\" referrerpolicy=\"strict-origin-when-cross-origin\" allowfullscreen><\/iframe><\/div>\n<p>&nbsp;<\/p>\n<p><strong>Gungor!<\/strong><\/p>\n<p>Det \u00e4r n\u00e5got alldeles extraordin\u00e4rt med detta kollektiv. Som att man aldrig riktigt vet hur m\u00e5nga som kommer st\u00e4lla sig p\u00e5 scenen n\u00e4r de spelar, eller exakt hur de kommer l\u00e5ta n\u00e4r f\u00f6rsta tonen startar. Jag gillar&#8217;t. Den r\u00f6da tr\u00e5den \u00e4r dock tydlig: Michael och Lisa Gungor utg\u00f6r grunden och musikaliskt \u00e4r det alltid av ypperlig klass. Experimentellt, djupt, melodiskt \u2026\u00a0det finns m\u00e5nga dimensioner i musiken som g\u00f6r den ytterst sp\u00e4nnande. Just nu \u00e4r <strong>Gungor <\/strong>i fas med att sl\u00e4ppa skivor p\u00e5 temat <em>&#8221;One Wild Life&#8221;. <\/em>Delarna <em>&#8221;Spirit&#8221; <\/em>och <em>&#8221;Soul&#8221; <\/em>\u00e4r sl\u00e4ppta sedan tidigare och nu \u00e4r \u00e4ven tredje delen <em>&#8221;Body&#8221; <\/em>h\u00e4r.<\/p>\n<p>Lite extra gillar vi <em>&#8221;Walking With Our Eyes Closed&#8221;\u00a0 \u2013<\/em>\u00a0en medryckande popd\u00e4nga v\u00e4rd att \u00e4lska. Riktigt bra!<\/p>\n<p><strong>Spotify-l\u00e4nk: <\/strong><a href=\"https:\/\/open.spotify.com\/track\/3MwrMtWxWSjM38jJXMsnQA\">https:\/\/open.spotify.com\/track\/3MwrMtWxWSjM38jJXMsnQA<\/a><\/p>\n<p><a href=\"https:\/\/glowingvibe.files.wordpress.com\/2016\/10\/owlbody_cover.jpg\"><img loading=\"lazy\" decoding=\"async\" class=\"size-medium wp-image-2180 aligncenter\" src=\"https:\/\/glowingvibe.files.wordpress.com\/2016\/10\/owlbody_cover.jpg?w=300\" alt=\"owlbody_cover\" width=\"300\" height=\"300\" \/><\/a><\/p>\n","protected":false},"excerpt":{"rendered":"<p>&nbsp; Gungor! Det \u00e4r n\u00e5got alldeles extraordin\u00e4rt med detta kollektiv. Som att man aldrig riktigt vet hur m\u00e5nga som kommer st\u00e4lla sig p\u00e5 scenen n\u00e4r de spelar, [&hellip;]<\/p>\n","protected":false},"author":15,"featured_media":0,"comment_status":"open","ping_status":"open","sticky":false,"template":"","format":"standard","meta":{"footnotes":"","_links_to":"","_links_to_target":""},"categories":[1],"tags":[],"class_list":["post-2818","post","type-post","status-publish","format-standard","hentry","category-musik"],"_links":{"self":[{"href":"http:\/\/blogg.varldenidag.se\/musik\/wp-json\/wp\/v2\/posts\/2818","targetHints":{"allow":["GET"]}}],"collection":[{"href":"http:\/\/blogg.varldenidag.se\/musik\/wp-json\/wp\/v2\/posts"}],"about":[{"href":"http:\/\/blogg.varldenidag.se\/musik\/wp-json\/wp\/v2\/types\/post"}],"author":[{"embeddable":true,"href":"http:\/\/blogg.varldenidag.se\/musik\/wp-json\/wp\/v2\/users\/15"}],"replies":[{"embeddable":true,"href":"http:\/\/blogg.varldenidag.se\/musik\/wp-json\/wp\/v2\/comments?post=2818"}],"version-history":[{"count":4,"href":"http:\/\/blogg.varldenidag.se\/musik\/wp-json\/wp\/v2\/posts\/2818\/revisions"}],"predecessor-version":[{"id":2903,"href":"http:\/\/blogg.varldenidag.se\/musik\/wp-json\/wp\/v2\/posts\/2818\/revisions\/2903"}],"wp:attachment":[{"href":"http:\/\/blogg.varldenidag.se\/musik\/wp-json\/wp\/v2\/media?parent=2818"}],"wp:term":[{"taxonomy":"category","embeddable":true,"href":"http:\/\/blogg.varldenidag.se\/musik\/wp-json\/wp\/v2\/categories?post=2818"},{"taxonomy":"post_tag","embeddable":true,"href":"http:\/\/blogg.varldenidag.se\/musik\/wp-json\/wp\/v2\/tags?post=2818"}],"curies":[{"name":"wp","href":"https:\/\/api.w.org\/{rel}","templated":true}]}}