{"id":2798,"date":"2016-10-06T00:58:09","date_gmt":"2016-10-05T22:58:09","guid":{"rendered":"http:\/\/blogg.varldenidag.se\/musik\/?p=2798"},"modified":"2016-10-06T17:35:47","modified_gmt":"2016-10-06T15:35:47","slug":"ahlen-ar-tillbaka","status":"publish","type":"post","link":"http:\/\/blogg.varldenidag.se\/musik\/ahlen-ar-tillbaka\/","title":{"rendered":"\u00c5hl\u00e9n \u00e4r tillbaka"},"content":{"rendered":"<div class=\"video-container\"><iframe loading=\"lazy\" title=\"David \u00c5hl\u00e9n, Hidden Light\" width=\"500\" height=\"281\" src=\"https:\/\/www.youtube.com\/embed\/Fp0noUjUL7A?feature=oembed\" frameborder=\"0\" allow=\"accelerometer; autoplay; clipboard-write; encrypted-media; gyroscope; picture-in-picture; web-share\" referrerpolicy=\"strict-origin-when-cross-origin\" allowfullscreen><\/iframe><\/div>\n<p>F\u00e5 artister har ett s\u00e5nt djup i sin r\u00f6st som svenska <strong>David \u00c5hl\u00e9n. <\/strong>R\u00f6sten har kommit att ber\u00f6ra m\u00e5nga genom \u00e5ren, och n\u00e4r det nu \u00e4r dags f\u00f6r nytt efterl\u00e4ngtat album finns ingen anledning att oroa sig f\u00f6r att det blir annat denna g\u00e5ng! Nya skivan <em>&#8221;Hiddebn Light&#8221; <\/em>spelade han in p\u00e5 blott tv\u00e5 dagar, men tro inte att detta \u00e4r n\u00e5got hastverk f\u00f6r det. I plattan ryms stor musik med en rej\u00e4l dos djup, v\u00e4rme och innerlighet. Det \u00e4r ber\u00f6rande och avkopplande och oemotst\u00e5ndligt. Vackert!<\/p>\n<p><strong>Spotify-l\u00e4nk: <\/strong><a href=\"https:\/\/open.spotify.com\/track\/0XaeztDn1ATvKnHwIanM1P\">https:\/\/open.spotify.com\/track\/0XaeztDn1ATvKnHwIanM1P<\/a><br \/>\n<strong><br \/>\n<\/strong><\/p>\n<p><a href=\"https:\/\/glowingvibe.files.wordpress.com\/2016\/10\/maxresdefault.jpg\"><img loading=\"lazy\" decoding=\"async\" class=\"aligncenter wp-image-2153 size-medium\" src=\"https:\/\/glowingvibe.files.wordpress.com\/2016\/10\/maxresdefault.jpg?w=300\" alt=\"maxresdefault\" width=\"300\" height=\"169\" \/><\/a><\/p>\n","protected":false},"excerpt":{"rendered":"<p>F\u00e5 artister har ett s\u00e5nt djup i sin r\u00f6st som svenska David \u00c5hl\u00e9n. R\u00f6sten har kommit att ber\u00f6ra m\u00e5nga genom \u00e5ren, och n\u00e4r det nu \u00e4r dags [&hellip;]<\/p>\n","protected":false},"author":15,"featured_media":0,"comment_status":"open","ping_status":"open","sticky":false,"template":"","format":"standard","meta":{"footnotes":"","_links_to":"","_links_to_target":""},"categories":[1],"tags":[],"class_list":["post-2798","post","type-post","status-publish","format-standard","hentry","category-musik"],"_links":{"self":[{"href":"http:\/\/blogg.varldenidag.se\/musik\/wp-json\/wp\/v2\/posts\/2798","targetHints":{"allow":["GET"]}}],"collection":[{"href":"http:\/\/blogg.varldenidag.se\/musik\/wp-json\/wp\/v2\/posts"}],"about":[{"href":"http:\/\/blogg.varldenidag.se\/musik\/wp-json\/wp\/v2\/types\/post"}],"author":[{"embeddable":true,"href":"http:\/\/blogg.varldenidag.se\/musik\/wp-json\/wp\/v2\/users\/15"}],"replies":[{"embeddable":true,"href":"http:\/\/blogg.varldenidag.se\/musik\/wp-json\/wp\/v2\/comments?post=2798"}],"version-history":[{"count":3,"href":"http:\/\/blogg.varldenidag.se\/musik\/wp-json\/wp\/v2\/posts\/2798\/revisions"}],"predecessor-version":[{"id":2823,"href":"http:\/\/blogg.varldenidag.se\/musik\/wp-json\/wp\/v2\/posts\/2798\/revisions\/2823"}],"wp:attachment":[{"href":"http:\/\/blogg.varldenidag.se\/musik\/wp-json\/wp\/v2\/media?parent=2798"}],"wp:term":[{"taxonomy":"category","embeddable":true,"href":"http:\/\/blogg.varldenidag.se\/musik\/wp-json\/wp\/v2\/categories?post=2798"},{"taxonomy":"post_tag","embeddable":true,"href":"http:\/\/blogg.varldenidag.se\/musik\/wp-json\/wp\/v2\/tags?post=2798"}],"curies":[{"name":"wp","href":"https:\/\/api.w.org\/{rel}","templated":true}]}}