{"id":2772,"date":"2016-10-04T00:10:40","date_gmt":"2016-10-03T22:10:40","guid":{"rendered":"http:\/\/blogg.varldenidag.se\/musik\/?p=2772"},"modified":"2016-10-04T16:35:48","modified_gmt":"2016-10-04T14:35:48","slug":"feliz-utokar-hitlistan","status":"publish","type":"post","link":"http:\/\/blogg.varldenidag.se\/musik\/feliz-utokar-hitlistan\/","title":{"rendered":"Feliz ut\u00f6kar hitlistan"},"content":{"rendered":"<div class=\"video-container\"><iframe loading=\"lazy\" title=\"Jordan Feliz - Best Of Me\" width=\"500\" height=\"281\" src=\"https:\/\/www.youtube.com\/embed\/Ws7oxtW0qUQ?feature=oembed\" frameborder=\"0\" allow=\"accelerometer; autoplay; clipboard-write; encrypted-media; gyroscope; picture-in-picture; web-share\" referrerpolicy=\"strict-origin-when-cross-origin\" allowfullscreen><\/iframe><\/div>\n<p>Vi har redan n\u00e4mnt <strong>Jordan Feliz <\/strong>ett par g\u00e5nger p\u00e5 denna blogg, men det g\u00e5r liksom inte att l\u00e5ta bli att g\u00f6ra det igen. Han har redan gett oss de fantastiska l\u00e5tarna <em>&#8221;The river&#8221; <\/em>och <em>&#8221;Never too far gone&#8221;, <\/em>men n\u00e4r han nu sl\u00e4pper nya singeln <em>&#8221;Best of me&#8221;<\/em>\u00a0\u00e4r det inget undantag fr\u00e5n hans uppenbara kvalitetsf\u00f6rm\u00e5ga. H\u00e4r ut\u00f6kar <strong>Feliz <\/strong>sin hitlista med \u00e4nnu en dundrande, sm\u00e4ckande kioskv\u00e4ltarhit som fastnar direkt och som f\u00e5r dina k\u00e4kar att nynna med. Snacka om p\u00e5litlig hitmakare!<\/p>\n<p><strong>Spotify-l\u00e4nk: <\/strong><a href=\"https:\/\/open.spotify.com\/track\/6IL6dVjsc0qNIIGG1n86iE\">https:\/\/open.spotify.com\/track\/6IL6dVjsc0qNIIGG1n86iE<\/a><\/p>\n<p><a href=\"https:\/\/glowingvibe.files.wordpress.com\/2016\/03\/never-too-far-gone.jpg\"><img loading=\"lazy\" decoding=\"async\" class=\"size-medium wp-image-2001 aligncenter\" src=\"https:\/\/glowingvibe.files.wordpress.com\/2016\/03\/never-too-far-gone.jpg?w=300\" alt=\"never-too-far-gone\" width=\"300\" height=\"300\" \/><\/a><\/p>\n","protected":false},"excerpt":{"rendered":"<p>Vi har redan n\u00e4mnt Jordan Feliz ett par g\u00e5nger p\u00e5 denna blogg, men det g\u00e5r liksom inte att l\u00e5ta bli att g\u00f6ra det igen. Han har redan [&hellip;]<\/p>\n","protected":false},"author":15,"featured_media":0,"comment_status":"open","ping_status":"open","sticky":false,"template":"","format":"standard","meta":{"footnotes":"","_links_to":"","_links_to_target":""},"categories":[1],"tags":[],"class_list":["post-2772","post","type-post","status-publish","format-standard","hentry","category-musik"],"_links":{"self":[{"href":"http:\/\/blogg.varldenidag.se\/musik\/wp-json\/wp\/v2\/posts\/2772","targetHints":{"allow":["GET"]}}],"collection":[{"href":"http:\/\/blogg.varldenidag.se\/musik\/wp-json\/wp\/v2\/posts"}],"about":[{"href":"http:\/\/blogg.varldenidag.se\/musik\/wp-json\/wp\/v2\/types\/post"}],"author":[{"embeddable":true,"href":"http:\/\/blogg.varldenidag.se\/musik\/wp-json\/wp\/v2\/users\/15"}],"replies":[{"embeddable":true,"href":"http:\/\/blogg.varldenidag.se\/musik\/wp-json\/wp\/v2\/comments?post=2772"}],"version-history":[{"count":2,"href":"http:\/\/blogg.varldenidag.se\/musik\/wp-json\/wp\/v2\/posts\/2772\/revisions"}],"predecessor-version":[{"id":2778,"href":"http:\/\/blogg.varldenidag.se\/musik\/wp-json\/wp\/v2\/posts\/2772\/revisions\/2778"}],"wp:attachment":[{"href":"http:\/\/blogg.varldenidag.se\/musik\/wp-json\/wp\/v2\/media?parent=2772"}],"wp:term":[{"taxonomy":"category","embeddable":true,"href":"http:\/\/blogg.varldenidag.se\/musik\/wp-json\/wp\/v2\/categories?post=2772"},{"taxonomy":"post_tag","embeddable":true,"href":"http:\/\/blogg.varldenidag.se\/musik\/wp-json\/wp\/v2\/tags?post=2772"}],"curies":[{"name":"wp","href":"https:\/\/api.w.org\/{rel}","templated":true}]}}