{"id":2706,"date":"2016-06-26T00:19:11","date_gmt":"2016-06-25T22:19:11","guid":{"rendered":"http:\/\/blogg.varldenidag.se\/musik\/?p=2706"},"modified":"2016-10-04T16:46:56","modified_gmt":"2016-10-04T14:46:56","slug":"sommarvila","status":"publish","type":"post","link":"http:\/\/blogg.varldenidag.se\/musik\/sommarvila\/","title":{"rendered":"Sommarvila!"},"content":{"rendered":"<p>Solen skiner, blommorna doftar, vattnet glittrar&#8230;<br \/>\nH\u00f6g tid allts\u00e5 f\u00f6r denna blogg att ta sommarlov och bege sig ut till badstr\u00e4nder och sommaridyller! Men hav f\u00f6rtr\u00f6stan \u2013\u00a0i h\u00f6st kommer vi tillbaka med nya sk\u00f6na l\u00e5ttips. Vi lovar. Och om n\u00e5got ov\u00e4ntat bra skulle dyka upp under sommaren, s\u00e5 \u00e4r det inte helt ot\u00e4nkbart att n\u00e5got tips smyger sig in h\u00e4r \u00e4ven under lovet.<\/p>\n<p>Men tills augustiluften tagit \u00f6ver beh\u00f6ver du inte g\u00e5 och l\u00e4ngta efter den b\u00e4sta kristna musiken just nu. F\u00f6lj bara v\u00e5r spellista <strong>Vibe Fresh <\/strong>p\u00e5 Spotify, s\u00e5 har du v\u00e5ren och sommarens sk\u00f6naste l\u00e5tar samlade p\u00e5 ett st\u00e4lle, och listan uppdateras dessutom l\u00f6pande med ny musik. H\u00e4r \u00e4r l\u00e4nken: <a href=\"https:\/\/open.spotify.com\/user\/coturnix\/playlist\/3S9KzdLjzBW1PmvzSbcdQf\">https:\/\/open.spotify.com\/user\/coturnix\/playlist\/3S9KzdLjzBW1PmvzSbcdQf<\/a><\/p>\n<p>Vi ses i h\u00f6st &#8211; trevlig sommar!<\/p>\n<p>Tips? Fr\u00e5gor? R\u00e5d? Id\u00e9er? Maila g\u00e4rna! coturnix(a)hotmail.com<\/p>\n<p>\/Mattias<\/p>\n<p><a href=\"https:\/\/glowingvibe.files.wordpress.com\/2013\/12\/soluppgang.jpg\"><img loading=\"lazy\" decoding=\"async\" class=\"size-medium wp-image-1053 aligncenter\" src=\"https:\/\/glowingvibe.files.wordpress.com\/2013\/12\/soluppgang.jpg?w=207\" alt=\"soluppgang\" width=\"207\" height=\"300\" \/><\/a><\/p>\n","protected":false},"excerpt":{"rendered":"<p>Solen skiner, blommorna doftar, vattnet glittrar&#8230; H\u00f6g tid allts\u00e5 f\u00f6r denna blogg att ta sommarlov och bege sig ut till badstr\u00e4nder och sommaridyller! Men hav f\u00f6rtr\u00f6stan \u2013\u00a0i [&hellip;]<\/p>\n","protected":false},"author":15,"featured_media":0,"comment_status":"open","ping_status":"open","sticky":false,"template":"","format":"standard","meta":{"footnotes":"","_links_to":"","_links_to_target":""},"categories":[1],"tags":[],"class_list":["post-2706","post","type-post","status-publish","format-standard","hentry","category-musik"],"_links":{"self":[{"href":"http:\/\/blogg.varldenidag.se\/musik\/wp-json\/wp\/v2\/posts\/2706","targetHints":{"allow":["GET"]}}],"collection":[{"href":"http:\/\/blogg.varldenidag.se\/musik\/wp-json\/wp\/v2\/posts"}],"about":[{"href":"http:\/\/blogg.varldenidag.se\/musik\/wp-json\/wp\/v2\/types\/post"}],"author":[{"embeddable":true,"href":"http:\/\/blogg.varldenidag.se\/musik\/wp-json\/wp\/v2\/users\/15"}],"replies":[{"embeddable":true,"href":"http:\/\/blogg.varldenidag.se\/musik\/wp-json\/wp\/v2\/comments?post=2706"}],"version-history":[{"count":2,"href":"http:\/\/blogg.varldenidag.se\/musik\/wp-json\/wp\/v2\/posts\/2706\/revisions"}],"predecessor-version":[{"id":2746,"href":"http:\/\/blogg.varldenidag.se\/musik\/wp-json\/wp\/v2\/posts\/2706\/revisions\/2746"}],"wp:attachment":[{"href":"http:\/\/blogg.varldenidag.se\/musik\/wp-json\/wp\/v2\/media?parent=2706"}],"wp:term":[{"taxonomy":"category","embeddable":true,"href":"http:\/\/blogg.varldenidag.se\/musik\/wp-json\/wp\/v2\/categories?post=2706"},{"taxonomy":"post_tag","embeddable":true,"href":"http:\/\/blogg.varldenidag.se\/musik\/wp-json\/wp\/v2\/tags?post=2706"}],"curies":[{"name":"wp","href":"https:\/\/api.w.org\/{rel}","templated":true}]}}