{"id":2698,"date":"2016-06-21T00:55:06","date_gmt":"2016-06-20T22:55:06","guid":{"rendered":"http:\/\/blogg.varldenidag.se\/musik\/?p=2698"},"modified":"2016-06-15T10:31:15","modified_gmt":"2016-06-15T08:31:15","slug":"hitvarning-fran-unspoken","status":"publish","type":"post","link":"http:\/\/blogg.varldenidag.se\/musik\/hitvarning-fran-unspoken\/","title":{"rendered":"Hitvarning fr\u00e5n Unspoken"},"content":{"rendered":"<p>Fem man starka <strong>Unspoken <\/strong>har g\u00e5tt fr\u00e5n ok\u00e4nda till att bli ett av de stora utropstecknen p\u00e5 CCM-marknaden\u00a0p\u00e5 kort tid. Allt b\u00f6rjade 2014 n\u00e4r deras l\u00e5tar <em>&#8221;Lift My Life Up&#8221;, &#8221;Who We Are&#8221; <\/em>och <em>&#8221;Start A Fire&#8221; \u2013\u00a0<\/em>f\u00f6r att n\u00e4mna n\u00e5gra \u2013\u00a0satte bandet p\u00e5 musikkartan ordentligt.<br \/>\nN\u00e4r det nu \u00e4r dags att f\u00f6lja upp succ\u00e9debuten g\u00f6r <strong>Unspoken <\/strong>det p\u00e5 b\u00e4sta s\u00e4tt. Nya <em>&#8221;Higher&#8221; <\/em>\u00e4r en riktig radiohit, som limmar sig i sinnet efter f\u00f6rsta lyssningen och sedan klamrar sig fast. Hitvarning!<\/p>\n<p><strong>Spotify-l\u00e4nk: <\/strong><a href=\"https:\/\/open.spotify.com\/track\/5ySvTNDzfRGRHddDUI3MHc\">https:\/\/open.spotify.com\/track\/5ySvTNDzfRGRHddDUI3MHc<\/a><\/p>\n<p><a href=\"https:\/\/glowingvibe.files.wordpress.com\/2016\/05\/unspoken-higher-single-2016.jpg\"><img loading=\"lazy\" decoding=\"async\" class=\"size-medium wp-image-2097 aligncenter\" src=\"https:\/\/glowingvibe.files.wordpress.com\/2016\/05\/unspoken-higher-single-2016.jpg?w=300\" alt=\"Unspoken-Higher-Single-2016\" width=\"300\" height=\"300\" \/><\/a><\/p>\n","protected":false},"excerpt":{"rendered":"<p>Fem man starka Unspoken har g\u00e5tt fr\u00e5n ok\u00e4nda till att bli ett av de stora utropstecknen p\u00e5 CCM-marknaden\u00a0p\u00e5 kort tid. Allt b\u00f6rjade 2014 n\u00e4r deras l\u00e5tar &#8221;Lift [&hellip;]<\/p>\n","protected":false},"author":15,"featured_media":0,"comment_status":"open","ping_status":"open","sticky":false,"template":"","format":"standard","meta":{"footnotes":"","_links_to":"","_links_to_target":""},"categories":[1],"tags":[],"class_list":["post-2698","post","type-post","status-publish","format-standard","hentry","category-musik"],"_links":{"self":[{"href":"http:\/\/blogg.varldenidag.se\/musik\/wp-json\/wp\/v2\/posts\/2698","targetHints":{"allow":["GET"]}}],"collection":[{"href":"http:\/\/blogg.varldenidag.se\/musik\/wp-json\/wp\/v2\/posts"}],"about":[{"href":"http:\/\/blogg.varldenidag.se\/musik\/wp-json\/wp\/v2\/types\/post"}],"author":[{"embeddable":true,"href":"http:\/\/blogg.varldenidag.se\/musik\/wp-json\/wp\/v2\/users\/15"}],"replies":[{"embeddable":true,"href":"http:\/\/blogg.varldenidag.se\/musik\/wp-json\/wp\/v2\/comments?post=2698"}],"version-history":[{"count":4,"href":"http:\/\/blogg.varldenidag.se\/musik\/wp-json\/wp\/v2\/posts\/2698\/revisions"}],"predecessor-version":[{"id":2741,"href":"http:\/\/blogg.varldenidag.se\/musik\/wp-json\/wp\/v2\/posts\/2698\/revisions\/2741"}],"wp:attachment":[{"href":"http:\/\/blogg.varldenidag.se\/musik\/wp-json\/wp\/v2\/media?parent=2698"}],"wp:term":[{"taxonomy":"category","embeddable":true,"href":"http:\/\/blogg.varldenidag.se\/musik\/wp-json\/wp\/v2\/categories?post=2698"},{"taxonomy":"post_tag","embeddable":true,"href":"http:\/\/blogg.varldenidag.se\/musik\/wp-json\/wp\/v2\/tags?post=2698"}],"curies":[{"name":"wp","href":"https:\/\/api.w.org\/{rel}","templated":true}]}}