{"id":2639,"date":"2016-04-09T00:48:22","date_gmt":"2016-04-08T22:48:22","guid":{"rendered":"http:\/\/blogg.varldenidag.se\/musik\/?p=2639"},"modified":"2016-03-31T20:48:41","modified_gmt":"2016-03-31T18:48:41","slug":"hogklassigt-fran-bethel","status":"publish","type":"post","link":"http:\/\/blogg.varldenidag.se\/musik\/hogklassigt-fran-bethel\/","title":{"rendered":"H\u00f6gklassigt fr\u00e5n Bethel"},"content":{"rendered":"<p><strong>Bethel Music <\/strong>brukar bjuda p\u00e5 lovs\u00e5ng i v\u00e4rldsklass. Se bara p\u00e5 underbara <em>&#8221;You make me brave&#8221; <\/em>som kom f\u00f6r ett par \u00e5r sedan &#8211; en fantastisk l\u00e5t som st\u00e5r sig \u00e4n idag. Nu \u00e4r <strong>Bethel <\/strong>tillbaka igen, och p\u00e5 nytt \u00e4r det pampig och m\u00e4ktig lovs\u00e5ng som g\u00e4ller. Deras <em>&#8221;Have it all&#8221; <\/em>\u00e4r underbar, och v\u00e4xer ju mer du lyssnar. \u00c4nnu en framtida klassiker?<\/p>\n<p><strong>Spotify-l\u00e4nk: <\/strong>https:\/\/open.spotify.com\/track\/7GE1oz77mIWflzRfN7HPlC<br \/>\n<strong>Youtube-l\u00e4nk: <\/strong>https:\/\/www.youtube.com\/watch?v=3WPbs7N-E0Q<\/p>\n<p><a href=\"https:\/\/glowingvibe.files.wordpress.com\/2016\/03\/haveitall.jpg\" rel=\"attachment wp-att-2007\"><img loading=\"lazy\" decoding=\"async\" class=\"size-medium wp-image-2007 aligncenter\" src=\"https:\/\/glowingvibe.files.wordpress.com\/2016\/03\/haveitall.jpg?w=300\" alt=\"haveitall\" width=\"300\" height=\"296\" \/><\/a><\/p>\n","protected":false},"excerpt":{"rendered":"<p>Bethel Music brukar bjuda p\u00e5 lovs\u00e5ng i v\u00e4rldsklass. Se bara p\u00e5 underbara &#8221;You make me brave&#8221; som kom f\u00f6r ett par \u00e5r sedan &#8211; en fantastisk l\u00e5t [&hellip;]<\/p>\n","protected":false},"author":15,"featured_media":0,"comment_status":"open","ping_status":"open","sticky":false,"template":"","format":"standard","meta":{"footnotes":"","_links_to":"","_links_to_target":""},"categories":[1],"tags":[],"class_list":["post-2639","post","type-post","status-publish","format-standard","hentry","category-musik"],"_links":{"self":[{"href":"http:\/\/blogg.varldenidag.se\/musik\/wp-json\/wp\/v2\/posts\/2639","targetHints":{"allow":["GET"]}}],"collection":[{"href":"http:\/\/blogg.varldenidag.se\/musik\/wp-json\/wp\/v2\/posts"}],"about":[{"href":"http:\/\/blogg.varldenidag.se\/musik\/wp-json\/wp\/v2\/types\/post"}],"author":[{"embeddable":true,"href":"http:\/\/blogg.varldenidag.se\/musik\/wp-json\/wp\/v2\/users\/15"}],"replies":[{"embeddable":true,"href":"http:\/\/blogg.varldenidag.se\/musik\/wp-json\/wp\/v2\/comments?post=2639"}],"version-history":[{"count":1,"href":"http:\/\/blogg.varldenidag.se\/musik\/wp-json\/wp\/v2\/posts\/2639\/revisions"}],"predecessor-version":[{"id":2640,"href":"http:\/\/blogg.varldenidag.se\/musik\/wp-json\/wp\/v2\/posts\/2639\/revisions\/2640"}],"wp:attachment":[{"href":"http:\/\/blogg.varldenidag.se\/musik\/wp-json\/wp\/v2\/media?parent=2639"}],"wp:term":[{"taxonomy":"category","embeddable":true,"href":"http:\/\/blogg.varldenidag.se\/musik\/wp-json\/wp\/v2\/categories?post=2639"},{"taxonomy":"post_tag","embeddable":true,"href":"http:\/\/blogg.varldenidag.se\/musik\/wp-json\/wp\/v2\/tags?post=2639"}],"curies":[{"name":"wp","href":"https:\/\/api.w.org\/{rel}","templated":true}]}}