{"id":2604,"date":"2016-03-13T00:29:20","date_gmt":"2016-03-12T23:29:20","guid":{"rendered":"http:\/\/blogg.varldenidag.se\/musik\/?p=2604"},"modified":"2016-02-23T21:48:13","modified_gmt":"2016-02-23T20:48:13","slug":"tung-hiphop-fran-usa","status":"publish","type":"post","link":"http:\/\/blogg.varldenidag.se\/musik\/tung-hiphop-fran-usa\/","title":{"rendered":"Tung hiphop fr\u00e5n USA"},"content":{"rendered":"<p>Grymma beats och schysst produktion. N\u00e4r hiphopduon <strong>Social Club <\/strong>levererar musik g\u00f6r dom det p\u00e5 sitt egna s\u00e4tt &#8211; och det imponerar. De b\u00e5da rapparna Fernando (F.E.R.N.) och Martin (Marty) bildade gruppen s\u00e5 sent som 2011 men har trots det h\u00e5llt \u00e5ngan uppe och hunnit med att sl\u00e4ppa fyra album.<br \/>\nMed en stadigt v\u00e4xande skara fans vid sin sida talar det mesta f\u00f6r att <strong>Social Club <\/strong>\u00e4r h\u00e4r f\u00f6r att stanna &#8211; dags att spana in om du gillar hiphop!<\/p>\n<p><strong>Spotify-l\u00e4nk: <\/strong>https:\/\/open.spotify.com\/track\/2Q4g7Q7qN5QwpTFjfwdnmE<\/p>\n<p><a href=\"https:\/\/glowingvibe.files.wordpress.com\/2016\/02\/us-hd-cover.jpg\" rel=\"attachment wp-att-1973\"><img loading=\"lazy\" decoding=\"async\" class=\"size-medium wp-image-1973 aligncenter\" src=\"https:\/\/glowingvibe.files.wordpress.com\/2016\/02\/us-hd-cover.jpg?w=300\" alt=\"US-HD-Cover\" width=\"300\" height=\"300\" \/><\/a><\/p>\n","protected":false},"excerpt":{"rendered":"<p>Grymma beats och schysst produktion. N\u00e4r hiphopduon Social Club levererar musik g\u00f6r dom det p\u00e5 sitt egna s\u00e4tt &#8211; och det imponerar. De b\u00e5da rapparna Fernando (F.E.R.N.) [&hellip;]<\/p>\n","protected":false},"author":15,"featured_media":0,"comment_status":"open","ping_status":"open","sticky":false,"template":"","format":"standard","meta":{"footnotes":"","_links_to":"","_links_to_target":""},"categories":[1],"tags":[],"class_list":["post-2604","post","type-post","status-publish","format-standard","hentry","category-musik"],"_links":{"self":[{"href":"http:\/\/blogg.varldenidag.se\/musik\/wp-json\/wp\/v2\/posts\/2604","targetHints":{"allow":["GET"]}}],"collection":[{"href":"http:\/\/blogg.varldenidag.se\/musik\/wp-json\/wp\/v2\/posts"}],"about":[{"href":"http:\/\/blogg.varldenidag.se\/musik\/wp-json\/wp\/v2\/types\/post"}],"author":[{"embeddable":true,"href":"http:\/\/blogg.varldenidag.se\/musik\/wp-json\/wp\/v2\/users\/15"}],"replies":[{"embeddable":true,"href":"http:\/\/blogg.varldenidag.se\/musik\/wp-json\/wp\/v2\/comments?post=2604"}],"version-history":[{"count":1,"href":"http:\/\/blogg.varldenidag.se\/musik\/wp-json\/wp\/v2\/posts\/2604\/revisions"}],"predecessor-version":[{"id":2605,"href":"http:\/\/blogg.varldenidag.se\/musik\/wp-json\/wp\/v2\/posts\/2604\/revisions\/2605"}],"wp:attachment":[{"href":"http:\/\/blogg.varldenidag.se\/musik\/wp-json\/wp\/v2\/media?parent=2604"}],"wp:term":[{"taxonomy":"category","embeddable":true,"href":"http:\/\/blogg.varldenidag.se\/musik\/wp-json\/wp\/v2\/categories?post=2604"},{"taxonomy":"post_tag","embeddable":true,"href":"http:\/\/blogg.varldenidag.se\/musik\/wp-json\/wp\/v2\/tags?post=2604"}],"curies":[{"name":"wp","href":"https:\/\/api.w.org\/{rel}","templated":true}]}}