{"id":2580,"date":"2016-02-24T00:43:45","date_gmt":"2016-02-23T23:43:45","guid":{"rendered":"http:\/\/blogg.varldenidag.se\/musik\/?p=2580"},"modified":"2016-02-14T22:48:44","modified_gmt":"2016-02-14T21:48:44","slug":"irlandarna-tar-over-i-usa","status":"publish","type":"post","link":"http:\/\/blogg.varldenidag.se\/musik\/irlandarna-tar-over-i-usa\/","title":{"rendered":"Irl\u00e4ndarna tar \u00f6ver i USA"},"content":{"rendered":"<p>Fr\u00e5n Irland till USA. Nya bandet <strong>We Are Messengers <\/strong>l\u00e4mnade sitt hem i Europa f\u00f6r att satsa p\u00e5 en musikkarri\u00e4r p\u00e5 andra sidan &#8221;p\u00f6len&#8221; &#8211; och det ser ut att lyckas. Just nu turnerar bandet land och rike runt i USA under den 48-stopp l\u00e5nga turn\u00e9n Winter Jam, och som om inte det vore nog b\u00f6rjar det h\u00e4nda grejer med debutsingeln <em>&#8221;Everything Comes Alive&#8221; <\/em>p\u00e5 b\u00e5de radiostationer och f\u00f6rs\u00e4ljningslistor. L\u00e4ttlyssnat och en l\u00e5t som s\u00e4tter sig, med en touch av band som <strong>Building 429 <\/strong>och <strong>Andy Cherry<\/strong>. I april kommer debutskivan &#8211; kanske sp\u00e4ckad med \u00e4nnu fler hits!<\/p>\n<p><strong>Spotify-l\u00e4nk: <\/strong>https:\/\/open.spotify.com\/track\/4QQoOG6oQErlpvIHN1BaEm<br \/>\n<strong>Youtube-l\u00e4nk: <\/strong>https:\/\/www.youtube.com\/watch?v=7ga5wTxF6Tc<\/p>\n<p><a href=\"https:\/\/glowingvibe.files.wordpress.com\/2016\/02\/album_9406_300.jpg\" rel=\"attachment wp-att-1942\"><img loading=\"lazy\" decoding=\"async\" class=\"size-full wp-image-1942 aligncenter\" src=\"https:\/\/glowingvibe.files.wordpress.com\/2016\/02\/album_9406_300.jpg\" alt=\"album_9406_300\" width=\"300\" height=\"300\" \/><\/a><\/p>\n","protected":false},"excerpt":{"rendered":"<p>Fr\u00e5n Irland till USA. Nya bandet We Are Messengers l\u00e4mnade sitt hem i Europa f\u00f6r att satsa p\u00e5 en musikkarri\u00e4r p\u00e5 andra sidan &#8221;p\u00f6len&#8221; &#8211; och det [&hellip;]<\/p>\n","protected":false},"author":15,"featured_media":0,"comment_status":"open","ping_status":"open","sticky":false,"template":"","format":"standard","meta":{"footnotes":"","_links_to":"","_links_to_target":""},"categories":[1],"tags":[],"class_list":["post-2580","post","type-post","status-publish","format-standard","hentry","category-musik"],"_links":{"self":[{"href":"http:\/\/blogg.varldenidag.se\/musik\/wp-json\/wp\/v2\/posts\/2580","targetHints":{"allow":["GET"]}}],"collection":[{"href":"http:\/\/blogg.varldenidag.se\/musik\/wp-json\/wp\/v2\/posts"}],"about":[{"href":"http:\/\/blogg.varldenidag.se\/musik\/wp-json\/wp\/v2\/types\/post"}],"author":[{"embeddable":true,"href":"http:\/\/blogg.varldenidag.se\/musik\/wp-json\/wp\/v2\/users\/15"}],"replies":[{"embeddable":true,"href":"http:\/\/blogg.varldenidag.se\/musik\/wp-json\/wp\/v2\/comments?post=2580"}],"version-history":[{"count":1,"href":"http:\/\/blogg.varldenidag.se\/musik\/wp-json\/wp\/v2\/posts\/2580\/revisions"}],"predecessor-version":[{"id":2581,"href":"http:\/\/blogg.varldenidag.se\/musik\/wp-json\/wp\/v2\/posts\/2580\/revisions\/2581"}],"wp:attachment":[{"href":"http:\/\/blogg.varldenidag.se\/musik\/wp-json\/wp\/v2\/media?parent=2580"}],"wp:term":[{"taxonomy":"category","embeddable":true,"href":"http:\/\/blogg.varldenidag.se\/musik\/wp-json\/wp\/v2\/categories?post=2580"},{"taxonomy":"post_tag","embeddable":true,"href":"http:\/\/blogg.varldenidag.se\/musik\/wp-json\/wp\/v2\/tags?post=2580"}],"curies":[{"name":"wp","href":"https:\/\/api.w.org\/{rel}","templated":true}]}}