{"id":2578,"date":"2016-02-22T00:40:32","date_gmt":"2016-02-21T23:40:32","guid":{"rendered":"http:\/\/blogg.varldenidag.se\/musik\/?p=2578"},"modified":"2016-02-14T22:40:43","modified_gmt":"2016-02-14T21:40:43","slug":"sturm-briljerar","status":"publish","type":"post","link":"http:\/\/blogg.varldenidag.se\/musik\/sturm-briljerar\/","title":{"rendered":"Sturm briljerar"},"content":{"rendered":"<p>Det var inte m\u00e5nga veckor sedan vi tipsade om forne <strong>Flyleaf<\/strong>-s\u00e5ngerskan <strong>Lacey Sturms <\/strong>nyfunna solokarri\u00e4r och den briljanta singeln <em>&#8221;Impossible&#8221;. <\/em>Nu har <strong>Sturms <\/strong>efterl\u00e4ngtade album \u00e4ntligen dykt upp i skivhyllorna, och som v\u00e4ntat \u00e4r det vr\u00e5lstark rock som denna kvinna presterar. Efter en genomlyssning \u00e4r det framf\u00f6rallt en l\u00e5t som sticker ut ur m\u00e4ngden\u00a0&#8211; den underbara <em>&#8221;I&#8217;m Not Laughing&#8221;. <\/em>Fr\u00e5gan \u00e4r om <strong>Lacey <\/strong>n\u00e5gonsin sjungit b\u00e4ttre \u00e4n i denna rockd\u00e4nga? Urstarkt &#8211; missa inte!<\/p>\n<p><strong>Spotify-l\u00e4nk: <\/strong>https:\/\/open.spotify.com\/track\/1tE07IrOvBX60RaZtppX43<br \/>\n<strong>Youtube-l\u00e4nk: <\/strong>https:\/\/www.youtube.com\/watch?v=5NI_GQ1iqKs<\/p>\n<p><a href=\"https:\/\/glowingvibe.files.wordpress.com\/2016\/02\/12191662_784366755006324_8323305373707741318_n.jpg\" rel=\"attachment wp-att-1939\"><img loading=\"lazy\" decoding=\"async\" class=\"size-medium wp-image-1939 aligncenter\" src=\"https:\/\/glowingvibe.files.wordpress.com\/2016\/02\/12191662_784366755006324_8323305373707741318_n.jpg?w=300\" alt=\"12191662_784366755006324_8323305373707741318_n\" width=\"300\" height=\"300\" \/><\/a><\/p>\n","protected":false},"excerpt":{"rendered":"<p>Det var inte m\u00e5nga veckor sedan vi tipsade om forne Flyleaf-s\u00e5ngerskan Lacey Sturms nyfunna solokarri\u00e4r och den briljanta singeln &#8221;Impossible&#8221;. Nu har Sturms efterl\u00e4ngtade album \u00e4ntligen dykt [&hellip;]<\/p>\n","protected":false},"author":15,"featured_media":0,"comment_status":"open","ping_status":"open","sticky":false,"template":"","format":"standard","meta":{"footnotes":"","_links_to":"","_links_to_target":""},"categories":[1],"tags":[],"class_list":["post-2578","post","type-post","status-publish","format-standard","hentry","category-musik"],"_links":{"self":[{"href":"http:\/\/blogg.varldenidag.se\/musik\/wp-json\/wp\/v2\/posts\/2578","targetHints":{"allow":["GET"]}}],"collection":[{"href":"http:\/\/blogg.varldenidag.se\/musik\/wp-json\/wp\/v2\/posts"}],"about":[{"href":"http:\/\/blogg.varldenidag.se\/musik\/wp-json\/wp\/v2\/types\/post"}],"author":[{"embeddable":true,"href":"http:\/\/blogg.varldenidag.se\/musik\/wp-json\/wp\/v2\/users\/15"}],"replies":[{"embeddable":true,"href":"http:\/\/blogg.varldenidag.se\/musik\/wp-json\/wp\/v2\/comments?post=2578"}],"version-history":[{"count":1,"href":"http:\/\/blogg.varldenidag.se\/musik\/wp-json\/wp\/v2\/posts\/2578\/revisions"}],"predecessor-version":[{"id":2579,"href":"http:\/\/blogg.varldenidag.se\/musik\/wp-json\/wp\/v2\/posts\/2578\/revisions\/2579"}],"wp:attachment":[{"href":"http:\/\/blogg.varldenidag.se\/musik\/wp-json\/wp\/v2\/media?parent=2578"}],"wp:term":[{"taxonomy":"category","embeddable":true,"href":"http:\/\/blogg.varldenidag.se\/musik\/wp-json\/wp\/v2\/categories?post=2578"},{"taxonomy":"post_tag","embeddable":true,"href":"http:\/\/blogg.varldenidag.se\/musik\/wp-json\/wp\/v2\/tags?post=2578"}],"curies":[{"name":"wp","href":"https:\/\/api.w.org\/{rel}","templated":true}]}}