{"id":2576,"date":"2016-02-20T00:34:31","date_gmt":"2016-02-19T23:34:31","guid":{"rendered":"http:\/\/blogg.varldenidag.se\/musik\/?p=2576"},"modified":"2016-02-14T22:34:49","modified_gmt":"2016-02-14T21:34:49","slug":"voice-vinnaren-debuterar","status":"publish","type":"post","link":"http:\/\/blogg.varldenidag.se\/musik\/voice-vinnaren-debuterar\/","title":{"rendered":"Voice-vinnaren debuterar"},"content":{"rendered":"<p>I Sverige blev det bara en s\u00e4song av\u00a0The Voice, men p\u00e5 andra sidan Atlanten \u00e4r talangjakten desto popul\u00e4rare. I f\u00f6rra \u00e5rets\u00a0upplaga &#8211; den nionde i ordningen &#8211; briljerade 22-\u00e5rige <strong>Jordan Smith <\/strong>bland annat med den klassiska psalmen <em>&#8221;Great Is Thy Faithfulness&#8221; <\/em>&#8211; och stod till slut som vinnare i t\u00e4vlingen. Nu \u00e4r det dags f\u00f6r <strong>Smith <\/strong>att b\u00f6rja sl\u00e4ppa musik p\u00e5 egen hand &#8211; han fick skivkontrakt som en del av vinsten i The Voice &#8211; och <em>&#8221;Stand In The Light&#8221; <\/em>\u00e4r det f\u00f6rsta han sl\u00e4pper utanf\u00f6r TV-programmet. En bra r\u00f6st och en bra l\u00e5t &#8211; r\u00e4cker det f\u00f6r att ta \u00f6ver topplistorna m\u00e5nne?<\/p>\n<p><strong>Spotify-l\u00e4nk: <\/strong>https:\/\/open.spotify.com\/track\/0K41N54vbxFyVOvX4trh9I<br \/>\n<strong>Youtube-l\u00e4nk: <\/strong>https:\/\/www.youtube.com\/watch?v=TKtowZSfUuI<\/p>\n<p><a href=\"https:\/\/glowingvibe.files.wordpress.com\/2016\/02\/the-voice-winner-jordan-smith-releases-first-single-stand-in-the-light-audio.png\" rel=\"attachment wp-att-1934\"><img loading=\"lazy\" decoding=\"async\" class=\"size-medium wp-image-1934 aligncenter\" src=\"https:\/\/glowingvibe.files.wordpress.com\/2016\/02\/the-voice-winner-jordan-smith-releases-first-single-stand-in-the-light-audio.png?w=278\" alt=\"The-Voice-Winner-Jordan-Smith-Releases-First-Single-Stand-In-The-Light-AUDIO\" width=\"278\" height=\"300\" \/><\/a><\/p>\n","protected":false},"excerpt":{"rendered":"<p>I Sverige blev det bara en s\u00e4song av\u00a0The Voice, men p\u00e5 andra sidan Atlanten \u00e4r talangjakten desto popul\u00e4rare. I f\u00f6rra \u00e5rets\u00a0upplaga &#8211; den nionde i ordningen &#8211; [&hellip;]<\/p>\n","protected":false},"author":15,"featured_media":0,"comment_status":"open","ping_status":"open","sticky":false,"template":"","format":"standard","meta":{"footnotes":"","_links_to":"","_links_to_target":""},"categories":[1],"tags":[],"class_list":["post-2576","post","type-post","status-publish","format-standard","hentry","category-musik"],"_links":{"self":[{"href":"http:\/\/blogg.varldenidag.se\/musik\/wp-json\/wp\/v2\/posts\/2576","targetHints":{"allow":["GET"]}}],"collection":[{"href":"http:\/\/blogg.varldenidag.se\/musik\/wp-json\/wp\/v2\/posts"}],"about":[{"href":"http:\/\/blogg.varldenidag.se\/musik\/wp-json\/wp\/v2\/types\/post"}],"author":[{"embeddable":true,"href":"http:\/\/blogg.varldenidag.se\/musik\/wp-json\/wp\/v2\/users\/15"}],"replies":[{"embeddable":true,"href":"http:\/\/blogg.varldenidag.se\/musik\/wp-json\/wp\/v2\/comments?post=2576"}],"version-history":[{"count":1,"href":"http:\/\/blogg.varldenidag.se\/musik\/wp-json\/wp\/v2\/posts\/2576\/revisions"}],"predecessor-version":[{"id":2577,"href":"http:\/\/blogg.varldenidag.se\/musik\/wp-json\/wp\/v2\/posts\/2576\/revisions\/2577"}],"wp:attachment":[{"href":"http:\/\/blogg.varldenidag.se\/musik\/wp-json\/wp\/v2\/media?parent=2576"}],"wp:term":[{"taxonomy":"category","embeddable":true,"href":"http:\/\/blogg.varldenidag.se\/musik\/wp-json\/wp\/v2\/categories?post=2576"},{"taxonomy":"post_tag","embeddable":true,"href":"http:\/\/blogg.varldenidag.se\/musik\/wp-json\/wp\/v2\/tags?post=2576"}],"curies":[{"name":"wp","href":"https:\/\/api.w.org\/{rel}","templated":true}]}}