{"id":247,"date":"2012-08-03T07:00:46","date_gmt":"2012-08-03T05:00:46","guid":{"rendered":"http:\/\/blogg.varldenidag.se\/musik\/?p=247"},"modified":"2012-07-25T23:12:23","modified_gmt":"2012-07-25T21:12:23","slug":"infor-frizon-frida-sundemo","status":"publish","type":"post","link":"http:\/\/blogg.varldenidag.se\/musik\/infor-frizon-frida-sundemo\/","title":{"rendered":"INF\u00d6R FRIZON: Frida Sundemo"},"content":{"rendered":"<p><strong>Frida Sundemo<\/strong> \u00e4r en artist som f\u00f6rtj\u00e4nar att uppt\u00e4ckas. Det \u00e4r mycket m\u00f6jligt att hon \u00e4r mer k\u00e4nd i Japan \u00e4n h\u00e4r p\u00e5 hemmaplan (faktum \u00e4r att hennes skiva fortfarande inte har sl\u00e4ppts i Sverige).<\/p>\n<p>Hennes musik \u00e4r en s\u00e4llsynt lyckad blandning av akustiskt och elektroniskt. Alltid med en stark melodi som b\u00e4rs upp av hennes luftiga st\u00e4mma. Texterna hon skriver \u00e4r personliga utan att f\u00f6r den skull bli privata.<\/p>\n<p>En personlig favorit bland hennes l\u00e5tar \u00e4r &#8221;I Was Surrounded&#8221; <a href=\"http:\/\/fridasundemo.bandcamp.com\/track\/2-i-was-surrounded\" target=\"_blank\">som finns att lyssna p\u00e5 h\u00e4r.<\/a><\/p>\n","protected":false},"excerpt":{"rendered":"<p>Frida Sundemo \u00e4r en artist som f\u00f6rtj\u00e4nar att uppt\u00e4ckas. Det \u00e4r mycket m\u00f6jligt att hon \u00e4r mer k\u00e4nd i Japan \u00e4n h\u00e4r p\u00e5 hemmaplan (faktum \u00e4r att [&hellip;]<\/p>\n","protected":false},"author":14,"featured_media":251,"comment_status":"open","ping_status":"open","sticky":false,"template":"","format":"standard","meta":{"footnotes":"","_links_to":"","_links_to_target":""},"categories":[1],"tags":[80,19,81,82],"class_list":["post-247","post","type-post","status-publish","format-standard","has-post-thumbnail","hentry","category-musik","tag-frida-sundemo","tag-frizon","tag-i-was-surounded","tag-towers"],"_links":{"self":[{"href":"http:\/\/blogg.varldenidag.se\/musik\/wp-json\/wp\/v2\/posts\/247","targetHints":{"allow":["GET"]}}],"collection":[{"href":"http:\/\/blogg.varldenidag.se\/musik\/wp-json\/wp\/v2\/posts"}],"about":[{"href":"http:\/\/blogg.varldenidag.se\/musik\/wp-json\/wp\/v2\/types\/post"}],"author":[{"embeddable":true,"href":"http:\/\/blogg.varldenidag.se\/musik\/wp-json\/wp\/v2\/users\/14"}],"replies":[{"embeddable":true,"href":"http:\/\/blogg.varldenidag.se\/musik\/wp-json\/wp\/v2\/comments?post=247"}],"version-history":[{"count":7,"href":"http:\/\/blogg.varldenidag.se\/musik\/wp-json\/wp\/v2\/posts\/247\/revisions"}],"predecessor-version":[{"id":259,"href":"http:\/\/blogg.varldenidag.se\/musik\/wp-json\/wp\/v2\/posts\/247\/revisions\/259"}],"wp:featuredmedia":[{"embeddable":true,"href":"http:\/\/blogg.varldenidag.se\/musik\/wp-json\/wp\/v2\/media\/251"}],"wp:attachment":[{"href":"http:\/\/blogg.varldenidag.se\/musik\/wp-json\/wp\/v2\/media?parent=247"}],"wp:term":[{"taxonomy":"category","embeddable":true,"href":"http:\/\/blogg.varldenidag.se\/musik\/wp-json\/wp\/v2\/categories?post=247"},{"taxonomy":"post_tag","embeddable":true,"href":"http:\/\/blogg.varldenidag.se\/musik\/wp-json\/wp\/v2\/tags?post=247"}],"curies":[{"name":"wp","href":"https:\/\/api.w.org\/{rel}","templated":true}]}}