{"id":244,"date":"2012-08-02T07:00:45","date_gmt":"2012-08-02T05:00:45","guid":{"rendered":"http:\/\/blogg.varldenidag.se\/musik\/?p=244"},"modified":"2012-07-25T23:12:37","modified_gmt":"2012-07-25T21:12:37","slug":"infor-frizon-atmosfariskt-av-loney-dear","status":"publish","type":"post","link":"http:\/\/blogg.varldenidag.se\/musik\/infor-frizon-atmosfariskt-av-loney-dear\/","title":{"rendered":"INF\u00d6R FRIZON: Loney Dear"},"content":{"rendered":"<p>Emil Svan\u00e4ngen, mer k\u00e4nd under sitt artistnamn <strong>Loney Dear<\/strong>, kommer under Frizonfestivalen att bidra med att skapa ett ljudlandskap att dr\u00f6mma sig bort i.<\/p>\n<p>F\u00f6rra \u00e5ret sl\u00e4ppte han skivan &#8221;Hall Music&#8221;, den sjunde i ordningen (om man r\u00e4knar med med de skivor som han sl\u00e4ppt sj\u00e4lv). Fr\u00e5n den skivan kommer &#8221;My heart&#8221; som ni kan se en liveversion av h\u00e4r ovanf\u00f6r.<\/p>\n","protected":false},"excerpt":{"rendered":"<p>Emil Svan\u00e4ngen, mer k\u00e4nd under sitt artistnamn Loney Dear, kommer under Frizonfestivalen att bidra med att skapa ett ljudlandskap att dr\u00f6mma sig bort i. F\u00f6rra \u00e5ret sl\u00e4ppte [&hellip;]<\/p>\n","protected":false},"author":14,"featured_media":245,"comment_status":"open","ping_status":"open","sticky":false,"template":"","format":"standard","meta":{"footnotes":"","_links_to":"","_links_to_target":""},"categories":[1],"tags":[19,79,78],"class_list":["post-244","post","type-post","status-publish","format-standard","has-post-thumbnail","hentry","category-musik","tag-frizon","tag-hall-music","tag-loney-dear"],"_links":{"self":[{"href":"http:\/\/blogg.varldenidag.se\/musik\/wp-json\/wp\/v2\/posts\/244","targetHints":{"allow":["GET"]}}],"collection":[{"href":"http:\/\/blogg.varldenidag.se\/musik\/wp-json\/wp\/v2\/posts"}],"about":[{"href":"http:\/\/blogg.varldenidag.se\/musik\/wp-json\/wp\/v2\/types\/post"}],"author":[{"embeddable":true,"href":"http:\/\/blogg.varldenidag.se\/musik\/wp-json\/wp\/v2\/users\/14"}],"replies":[{"embeddable":true,"href":"http:\/\/blogg.varldenidag.se\/musik\/wp-json\/wp\/v2\/comments?post=244"}],"version-history":[{"count":2,"href":"http:\/\/blogg.varldenidag.se\/musik\/wp-json\/wp\/v2\/posts\/244\/revisions"}],"predecessor-version":[{"id":260,"href":"http:\/\/blogg.varldenidag.se\/musik\/wp-json\/wp\/v2\/posts\/244\/revisions\/260"}],"wp:featuredmedia":[{"embeddable":true,"href":"http:\/\/blogg.varldenidag.se\/musik\/wp-json\/wp\/v2\/media\/245"}],"wp:attachment":[{"href":"http:\/\/blogg.varldenidag.se\/musik\/wp-json\/wp\/v2\/media?parent=244"}],"wp:term":[{"taxonomy":"category","embeddable":true,"href":"http:\/\/blogg.varldenidag.se\/musik\/wp-json\/wp\/v2\/categories?post=244"},{"taxonomy":"post_tag","embeddable":true,"href":"http:\/\/blogg.varldenidag.se\/musik\/wp-json\/wp\/v2\/tags?post=244"}],"curies":[{"name":"wp","href":"https:\/\/api.w.org\/{rel}","templated":true}]}}