{"id":2433,"date":"2015-10-20T00:20:40","date_gmt":"2015-10-19T22:20:40","guid":{"rendered":"http:\/\/blogg.varldenidag.se\/musik\/?p=2433"},"modified":"2015-10-06T21:20:52","modified_gmt":"2015-10-06T19:20:52","slug":"gemenskap-varmer-i-hostmorkret","status":"publish","type":"post","link":"http:\/\/blogg.varldenidag.se\/musik\/gemenskap-varmer-i-hostmorkret\/","title":{"rendered":"Gemenskap v\u00e4rmer i h\u00f6stm\u00f6rkret"},"content":{"rendered":"<p>Lovs\u00e5ngsserien <strong>Gemenskap<\/strong> forts\u00e4tter v\u00e4xa. Den uppskattade serien har nu ut\u00f6kats med plattan <em>&#8221;Med lyfta h\u00e4nder&#8221;, <\/em>och det \u00e4r en skiva som inte bara \u00e4r en i m\u00e4ngden. Den h\u00e4r g\u00e5ngen \u00e4r det den tidigare Idol-deltagaren <strong>Simen Thelander <\/strong>som tillsammans med <strong>Samuel Lundell <\/strong>bjuder p\u00e5 avslappnad, avskalad och innerlig musik som v\u00e4rmer p\u00e5 djupet. Med b\u00e5de nyskriven musik, blandat med alltid lika ber\u00f6rande <em>&#8221;Du omsluter mig p\u00e5 alla sidor&#8221; <\/em>, bjuder duon p\u00e5 en av h\u00f6stens varmaste musikupplevelser. <strong>Simens <\/strong>r\u00f6st ber\u00f6r p\u00e5 djupet och bildar tillsammans med <strong>Lundells <\/strong>musik en helhet som \u00e4r sv\u00e5r att sl\u00e4ppa taget om. Det h\u00e4r k\u00e4nns p\u00e5 riktigt. Utan omsvep. Vackert, innerligt, v\u00e4rmande. Missa inte!<\/p>\n<p><strong>Spotify-l\u00e4nk: <\/strong>https:\/\/open.spotify.com\/album\/4YOeEqRi3YTH0b22tzFTKu<\/p>\n<p><a href=\"https:\/\/glowingvibe.files.wordpress.com\/2015\/10\/untitled.png\"><img loading=\"lazy\" decoding=\"async\" class=\"size-full wp-image-1771 aligncenter\" src=\"https:\/\/glowingvibe.files.wordpress.com\/2015\/10\/untitled.png\" alt=\"untitled\" width=\"237\" height=\"213\" \/><\/a><\/p>\n","protected":false},"excerpt":{"rendered":"<p>Lovs\u00e5ngsserien Gemenskap forts\u00e4tter v\u00e4xa. Den uppskattade serien har nu ut\u00f6kats med plattan &#8221;Med lyfta h\u00e4nder&#8221;, och det \u00e4r en skiva som inte bara \u00e4r en i m\u00e4ngden. [&hellip;]<\/p>\n","protected":false},"author":15,"featured_media":0,"comment_status":"open","ping_status":"open","sticky":false,"template":"","format":"standard","meta":{"footnotes":"","_links_to":"","_links_to_target":""},"categories":[1],"tags":[],"class_list":["post-2433","post","type-post","status-publish","format-standard","hentry","category-musik"],"_links":{"self":[{"href":"http:\/\/blogg.varldenidag.se\/musik\/wp-json\/wp\/v2\/posts\/2433","targetHints":{"allow":["GET"]}}],"collection":[{"href":"http:\/\/blogg.varldenidag.se\/musik\/wp-json\/wp\/v2\/posts"}],"about":[{"href":"http:\/\/blogg.varldenidag.se\/musik\/wp-json\/wp\/v2\/types\/post"}],"author":[{"embeddable":true,"href":"http:\/\/blogg.varldenidag.se\/musik\/wp-json\/wp\/v2\/users\/15"}],"replies":[{"embeddable":true,"href":"http:\/\/blogg.varldenidag.se\/musik\/wp-json\/wp\/v2\/comments?post=2433"}],"version-history":[{"count":1,"href":"http:\/\/blogg.varldenidag.se\/musik\/wp-json\/wp\/v2\/posts\/2433\/revisions"}],"predecessor-version":[{"id":2434,"href":"http:\/\/blogg.varldenidag.se\/musik\/wp-json\/wp\/v2\/posts\/2433\/revisions\/2434"}],"wp:attachment":[{"href":"http:\/\/blogg.varldenidag.se\/musik\/wp-json\/wp\/v2\/media?parent=2433"}],"wp:term":[{"taxonomy":"category","embeddable":true,"href":"http:\/\/blogg.varldenidag.se\/musik\/wp-json\/wp\/v2\/categories?post=2433"},{"taxonomy":"post_tag","embeddable":true,"href":"http:\/\/blogg.varldenidag.se\/musik\/wp-json\/wp\/v2\/tags?post=2433"}],"curies":[{"name":"wp","href":"https:\/\/api.w.org\/{rel}","templated":true}]}}