{"id":2371,"date":"2015-06-29T00:11:20","date_gmt":"2015-06-28T22:11:20","guid":{"rendered":"http:\/\/blogg.varldenidag.se\/musik\/?p=2371"},"modified":"2015-06-23T21:11:36","modified_gmt":"2015-06-23T19:11:36","slug":"stark-musik-i-sevard-film","status":"publish","type":"post","link":"http:\/\/blogg.varldenidag.se\/musik\/stark-musik-i-sevard-film\/","title":{"rendered":"Stark musik i sev\u00e4rd film"},"content":{"rendered":"<p>Regnar det ute? Inga problem! Vi har det perfekta filmtipset: <strong>&#8221;The Song&#8221;.<\/p>\n<p><\/strong>Filmen, som har <strong>Anthem Lights-<\/strong>s\u00e5ngaren <strong>Alan Powell<\/strong> i en av huvudrollerna, handlar om sonen till en tidigare countrystj\u00e4rna, som brottas med att f\u00e5 fart p\u00e5 sin egen karri\u00e4r.\u00a0Filmen har pr\u00e4glats stark av bibelns Predikaren, och d\u00e4r versen <em>&#8221;ett jagande efter vind&#8221; <\/em>l\u00f6per som en r\u00f6d tr\u00e5d.<\/p>\n<p>Filmen \u00e4r stark, sev\u00e4rd och med ett tydligt budskap. H\u00e4r\u00a0ryms k\u00e4rlek, \u00e5ngest,\u00a0brottande med tro, djup\u00a0religi\u00f6sitet och\u00a0hoppfullhet. Det \u00e4r p\u00e5kostat, snyggt filmat,\u00a0starkt\u00a0ber\u00e4ttande\u00a0och v\u00e4lspelat.<br \/>\n<strong>Alan <\/strong><strong>Powell <\/strong>imponerar, liksom \u00f6vriga sk\u00e5despelare, stort i sin rolltolkning av King Jr, men\u00a0lika mycket imponerar musiken som \u00e4r ett st\u00e4ndigt \u00e5terkommande inslag i filmen. Starkt blir det inte minst i \u00e5ngestladdade <em>&#8221;Chasing After Wind&#8221;<\/em>, men\u00a0l\u00e5tar som\u00a0<em>&#8221;End Of The Matter&#8221; <\/em>och <em>&#8221;Turn, Turn, Turn&#8221; <\/em>h\u00f6jer ocks\u00e5 filmens k\u00e4nsla.<\/p>\n<p>En mycket sev\u00e4rd film, b\u00e5de f\u00f6r musiken, budskapet och sk\u00e5despelarinsatserna. Rekommenderas!<br \/>\nFinns att hyra och k\u00f6pa p\u00e5 Itunes.<\/p>\n<p><strong>Spotify-l\u00e4nk: <\/strong>https:\/\/open.spotify.com\/track\/6T07VL1t328vOiBvLQ8zsG<br \/>\n<strong>Filmtrailer: <\/strong>https:\/\/www.youtube.com\/watch?v=Oba0HDbkDjc<\/p>\n<p><a href=\"https:\/\/glowingvibe.files.wordpress.com\/2015\/06\/51mbjdxlr0l__sl500_aa280_.jpg\"><img loading=\"lazy\" decoding=\"async\" class=\" size-full wp-image-1689 aligncenter\" src=\"https:\/\/glowingvibe.files.wordpress.com\/2015\/06\/51mbjdxlr0l__sl500_aa280_.jpg\" alt=\"51MbjDxLR0L__SL500_AA280_\" width=\"280\" height=\"280\" \/><\/a><\/p>\n","protected":false},"excerpt":{"rendered":"<p>Regnar det ute? Inga problem! Vi har det perfekta filmtipset: &#8221;The Song&#8221;. Filmen, som har Anthem Lights-s\u00e5ngaren Alan Powell i en av huvudrollerna, handlar om sonen till [&hellip;]<\/p>\n","protected":false},"author":15,"featured_media":0,"comment_status":"open","ping_status":"open","sticky":false,"template":"","format":"standard","meta":{"footnotes":"","_links_to":"","_links_to_target":""},"categories":[1],"tags":[],"class_list":["post-2371","post","type-post","status-publish","format-standard","hentry","category-musik"],"_links":{"self":[{"href":"http:\/\/blogg.varldenidag.se\/musik\/wp-json\/wp\/v2\/posts\/2371","targetHints":{"allow":["GET"]}}],"collection":[{"href":"http:\/\/blogg.varldenidag.se\/musik\/wp-json\/wp\/v2\/posts"}],"about":[{"href":"http:\/\/blogg.varldenidag.se\/musik\/wp-json\/wp\/v2\/types\/post"}],"author":[{"embeddable":true,"href":"http:\/\/blogg.varldenidag.se\/musik\/wp-json\/wp\/v2\/users\/15"}],"replies":[{"embeddable":true,"href":"http:\/\/blogg.varldenidag.se\/musik\/wp-json\/wp\/v2\/comments?post=2371"}],"version-history":[{"count":1,"href":"http:\/\/blogg.varldenidag.se\/musik\/wp-json\/wp\/v2\/posts\/2371\/revisions"}],"predecessor-version":[{"id":2372,"href":"http:\/\/blogg.varldenidag.se\/musik\/wp-json\/wp\/v2\/posts\/2371\/revisions\/2372"}],"wp:attachment":[{"href":"http:\/\/blogg.varldenidag.se\/musik\/wp-json\/wp\/v2\/media?parent=2371"}],"wp:term":[{"taxonomy":"category","embeddable":true,"href":"http:\/\/blogg.varldenidag.se\/musik\/wp-json\/wp\/v2\/categories?post=2371"},{"taxonomy":"post_tag","embeddable":true,"href":"http:\/\/blogg.varldenidag.se\/musik\/wp-json\/wp\/v2\/tags?post=2371"}],"curies":[{"name":"wp","href":"https:\/\/api.w.org\/{rel}","templated":true}]}}