{"id":2356,"date":"2015-06-07T22:36:03","date_gmt":"2015-06-07T20:36:03","guid":{"rendered":"http:\/\/blogg.varldenidag.se\/musik\/?p=2356"},"modified":"2015-06-07T22:43:41","modified_gmt":"2015-06-07T20:43:41","slug":"maffigt-verk-av-switchfoot-sangaren","status":"publish","type":"post","link":"http:\/\/blogg.varldenidag.se\/musik\/maffigt-verk-av-switchfoot-sangaren\/","title":{"rendered":"Maffigt verk av Switchfoot-s\u00e5ngaren"},"content":{"rendered":"<p>Han har redan sl\u00e4ppt EP:s namngivna efter alla \u00e5rstider. Nu forts\u00e4tter <strong>Switchfoot-<\/strong>s\u00e5ngaren <strong>Jon Foreman<\/strong>\u00a0sina ambiti\u00f6sa soloprojekt med ett verk med inte mindre \u00e4n 24 l\u00e5tar. Eller r\u00e4ttare sagt; fyra EP:s med totalt 24 l\u00e5tar, under namnet <em>&#8221;The Wonderlands&#8221;.<\/em><\/p>\n<p>L\u00e5tarna ska, enligt <strong>Jon <\/strong>sj\u00e4lv, vara hans musikaliska ber\u00e4ttelse om ljus och m\u00f6rker. Nu \u00e4r f\u00f6rsta delen, <em>&#8221;Sunlight&#8221;, <\/em>och det lovar gott \u00e4ven inf\u00f6r forts\u00e4ttningen. Det \u00e4r som ett avskalat, nedtonat <strong>Switchfoot <\/strong>med texterna i fokus. F\u00e5 kan skriva s\u00e5 magisk musik som <strong>Jon Foreman, <\/strong>och det m\u00e4rks \u00e4ven h\u00e4r. Det blir sm\u00e5, n\u00e5got episka godbitar som var f\u00f6r sig ber\u00e4ttar en ber\u00e4ttelse. Jag l\u00e4ngtar redan till n\u00e4sta EP!<\/p>\n<p><strong>Spotify-l\u00e4nk: <\/strong>https:\/\/open.spotify.com\/album\/7G3XbC5S6SQg1nbj4cJjFn<\/p>\n<p><a href=\"https:\/\/glowingvibe.files.wordpress.com\/2015\/06\/jon-foreman.jpg\"><img loading=\"lazy\" decoding=\"async\" class=\" size-medium wp-image-1665 aligncenter\" src=\"https:\/\/glowingvibe.files.wordpress.com\/2015\/06\/jon-foreman.jpg?w=300\" alt=\"jon-foreman\" width=\"300\" height=\"300\" \/><\/a><\/p>\n","protected":false},"excerpt":{"rendered":"<p>Han har redan sl\u00e4ppt EP:s namngivna efter alla \u00e5rstider. Nu forts\u00e4tter Switchfoot-s\u00e5ngaren Jon Foreman\u00a0sina ambiti\u00f6sa soloprojekt med ett verk med inte mindre \u00e4n 24 l\u00e5tar. Eller r\u00e4ttare [&hellip;]<\/p>\n","protected":false},"author":15,"featured_media":0,"comment_status":"open","ping_status":"open","sticky":false,"template":"","format":"standard","meta":{"footnotes":"","_links_to":"","_links_to_target":""},"categories":[1],"tags":[],"class_list":["post-2356","post","type-post","status-publish","format-standard","hentry","category-musik"],"_links":{"self":[{"href":"http:\/\/blogg.varldenidag.se\/musik\/wp-json\/wp\/v2\/posts\/2356","targetHints":{"allow":["GET"]}}],"collection":[{"href":"http:\/\/blogg.varldenidag.se\/musik\/wp-json\/wp\/v2\/posts"}],"about":[{"href":"http:\/\/blogg.varldenidag.se\/musik\/wp-json\/wp\/v2\/types\/post"}],"author":[{"embeddable":true,"href":"http:\/\/blogg.varldenidag.se\/musik\/wp-json\/wp\/v2\/users\/15"}],"replies":[{"embeddable":true,"href":"http:\/\/blogg.varldenidag.se\/musik\/wp-json\/wp\/v2\/comments?post=2356"}],"version-history":[{"count":1,"href":"http:\/\/blogg.varldenidag.se\/musik\/wp-json\/wp\/v2\/posts\/2356\/revisions"}],"predecessor-version":[{"id":2357,"href":"http:\/\/blogg.varldenidag.se\/musik\/wp-json\/wp\/v2\/posts\/2356\/revisions\/2357"}],"wp:attachment":[{"href":"http:\/\/blogg.varldenidag.se\/musik\/wp-json\/wp\/v2\/media?parent=2356"}],"wp:term":[{"taxonomy":"category","embeddable":true,"href":"http:\/\/blogg.varldenidag.se\/musik\/wp-json\/wp\/v2\/categories?post=2356"},{"taxonomy":"post_tag","embeddable":true,"href":"http:\/\/blogg.varldenidag.se\/musik\/wp-json\/wp\/v2\/tags?post=2356"}],"curies":[{"name":"wp","href":"https:\/\/api.w.org\/{rel}","templated":true}]}}