{"id":234,"date":"2012-08-01T07:00:32","date_gmt":"2012-08-01T05:00:32","guid":{"rendered":"http:\/\/blogg.varldenidag.se\/musik\/?p=234"},"modified":"2012-07-25T23:12:49","modified_gmt":"2012-07-25T21:12:49","slug":"infor-frizon-valskrivet-av-jonathan-johansson","status":"publish","type":"post","link":"http:\/\/blogg.varldenidag.se\/musik\/infor-frizon-valskrivet-av-jonathan-johansson\/","title":{"rendered":"INF\u00d6R FRIZON: Jonathan Johansson"},"content":{"rendered":"<p>Nu startar vi en nedr\u00e4kning f\u00f6r Frizonfestivalen h\u00e4r p\u00e5 Musikbloggen. Fr\u00e5n idag och fram till starten den 8 augusti uppm\u00e4rksammar vi n\u00e5gra medverkande artister inom olika genrer. Lite tips p\u00e5 intressanta namn helt enkelt.<\/p>\n<p>F\u00f6rst ut \u00e4r kritikerrosade <strong>Jonathan Johansson<\/strong> som n\u00e5dde tv\u00e5 Grammynomineringar med sin senaste skiva &#8221;Klagomuren&#8221;. Och inte undra p\u00e5. Den smarta popmusiken som han och hans producent Johan Eckeborn skapar, har en s\u00e4rpr\u00e4gel som g\u00f6r att den sticker ut i den svenska musikfloran.<\/p>\n<p>Jag har sj\u00e4lv h\u00f6rt Jonathan Johansson med band live och kan intyga att de h\u00e5ller riktigt h\u00f6g musikalisk klass.<\/p>\n","protected":false},"excerpt":{"rendered":"<p>Nu startar vi en nedr\u00e4kning f\u00f6r Frizonfestivalen h\u00e4r p\u00e5 Musikbloggen. Fr\u00e5n idag och fram till starten den 8 augusti uppm\u00e4rksammar vi n\u00e5gra medverkande artister inom olika genrer. [&hellip;]<\/p>\n","protected":false},"author":14,"featured_media":238,"comment_status":"open","ping_status":"open","sticky":false,"template":"","format":"standard","meta":{"footnotes":"","_links_to":"","_links_to_target":""},"categories":[1],"tags":[19,76,75,77],"class_list":["post-234","post","type-post","status-publish","format-standard","has-post-thumbnail","hentry","category-musik","tag-frizon","tag-johan-eckeborn","tag-jonathan-johansson","tag-klagomuren"],"_links":{"self":[{"href":"http:\/\/blogg.varldenidag.se\/musik\/wp-json\/wp\/v2\/posts\/234","targetHints":{"allow":["GET"]}}],"collection":[{"href":"http:\/\/blogg.varldenidag.se\/musik\/wp-json\/wp\/v2\/posts"}],"about":[{"href":"http:\/\/blogg.varldenidag.se\/musik\/wp-json\/wp\/v2\/types\/post"}],"author":[{"embeddable":true,"href":"http:\/\/blogg.varldenidag.se\/musik\/wp-json\/wp\/v2\/users\/14"}],"replies":[{"embeddable":true,"href":"http:\/\/blogg.varldenidag.se\/musik\/wp-json\/wp\/v2\/comments?post=234"}],"version-history":[{"count":9,"href":"http:\/\/blogg.varldenidag.se\/musik\/wp-json\/wp\/v2\/posts\/234\/revisions"}],"predecessor-version":[{"id":261,"href":"http:\/\/blogg.varldenidag.se\/musik\/wp-json\/wp\/v2\/posts\/234\/revisions\/261"}],"wp:featuredmedia":[{"embeddable":true,"href":"http:\/\/blogg.varldenidag.se\/musik\/wp-json\/wp\/v2\/media\/238"}],"wp:attachment":[{"href":"http:\/\/blogg.varldenidag.se\/musik\/wp-json\/wp\/v2\/media?parent=234"}],"wp:term":[{"taxonomy":"category","embeddable":true,"href":"http:\/\/blogg.varldenidag.se\/musik\/wp-json\/wp\/v2\/categories?post=234"},{"taxonomy":"post_tag","embeddable":true,"href":"http:\/\/blogg.varldenidag.se\/musik\/wp-json\/wp\/v2\/tags?post=234"}],"curies":[{"name":"wp","href":"https:\/\/api.w.org\/{rel}","templated":true}]}}