{"id":2325,"date":"2015-04-21T20:02:31","date_gmt":"2015-04-21T18:02:31","guid":{"rendered":"http:\/\/blogg.varldenidag.se\/musik\/?p=2325"},"modified":"2015-04-21T20:02:31","modified_gmt":"2015-04-21T18:02:31","slug":"ljungblahd-tillbaka-med-besked","status":"publish","type":"post","link":"http:\/\/blogg.varldenidag.se\/musik\/ljungblahd-tillbaka-med-besked\/","title":{"rendered":"Ljungblahd tillbaka med besked"},"content":{"rendered":"<p>N\u00e4r <strong>Samuel Ljungblahd<\/strong> \u00e5terv\u00e4nder till rampljuset med en ny skiva \u00e4r allt som det brukar &#8211; det \u00e4r fullt \u00f6s och galet sv\u00e4ng som g\u00e4ller!\u00a0Samtliga l\u00e5tar p\u00e5 nya skivan <em>&#8221;The Psalmist&#8221;, <\/em>album nummer fyra i ordningen, har han skrivit sj\u00e4lv och det kan s\u00e5 klart inte g\u00e5 fel! Det \u00e4r sv\u00e5rt att t\u00e4nka sig att det g\u00e5tt hela fem (!) \u00e5r sedan senaste skivan, men den som v\u00e4ntar p\u00e5 n\u00e5got gott och s\u00e5 vidare&#8230;!<\/p>\n<p>Ume\u00e5sonen <strong>Samuel <\/strong>har ju redan en skapligt gedigen karri\u00e4r att blicka tillbaka p\u00e5, med allt fr\u00e5n medverkan i SVT:s <em>&#8221;S\u00e5 ska det l\u00e5ta&#8221; <\/em>vid flera tillf\u00e4llen, till spelningar runtom i de flesta h\u00f6rnen av v\u00e5rt avl\u00e5nga land. Och den karri\u00e4ren l\u00e4r forts\u00e4tta lika spikrakt med <em>&#8221;The Psalmist&#8221; <\/em>i ryggen. Det h\u00e4r f\u00e5r du inte missa!<\/p>\n<p><strong>Spotify-l\u00e4nk: <\/strong>https:\/\/open.spotify.com\/track\/6aWF6IIUrRtly5I28rgl23<strong><br \/>\n<\/strong><strong>Youtube-l\u00e4nk: <\/strong>https:\/\/www.youtube.com\/watch?v=vM54kmQ4iPw<\/p>\n<p><a href=\"https:\/\/glowingvibe.files.wordpress.com\/2015\/04\/untitled.png\"><img loading=\"lazy\" decoding=\"async\" class=\" size-full wp-image-1623 aligncenter\" src=\"https:\/\/glowingvibe.files.wordpress.com\/2015\/04\/untitled.png\" alt=\"untitled\" width=\"225\" height=\"225\" \/><\/a><\/p>\n","protected":false},"excerpt":{"rendered":"<p>N\u00e4r Samuel Ljungblahd \u00e5terv\u00e4nder till rampljuset med en ny skiva \u00e4r allt som det brukar &#8211; det \u00e4r fullt \u00f6s och galet sv\u00e4ng som g\u00e4ller!\u00a0Samtliga l\u00e5tar p\u00e5 [&hellip;]<\/p>\n","protected":false},"author":15,"featured_media":0,"comment_status":"open","ping_status":"open","sticky":false,"template":"","format":"standard","meta":{"footnotes":"","_links_to":"","_links_to_target":""},"categories":[1],"tags":[],"class_list":["post-2325","post","type-post","status-publish","format-standard","hentry","category-musik"],"_links":{"self":[{"href":"http:\/\/blogg.varldenidag.se\/musik\/wp-json\/wp\/v2\/posts\/2325","targetHints":{"allow":["GET"]}}],"collection":[{"href":"http:\/\/blogg.varldenidag.se\/musik\/wp-json\/wp\/v2\/posts"}],"about":[{"href":"http:\/\/blogg.varldenidag.se\/musik\/wp-json\/wp\/v2\/types\/post"}],"author":[{"embeddable":true,"href":"http:\/\/blogg.varldenidag.se\/musik\/wp-json\/wp\/v2\/users\/15"}],"replies":[{"embeddable":true,"href":"http:\/\/blogg.varldenidag.se\/musik\/wp-json\/wp\/v2\/comments?post=2325"}],"version-history":[{"count":1,"href":"http:\/\/blogg.varldenidag.se\/musik\/wp-json\/wp\/v2\/posts\/2325\/revisions"}],"predecessor-version":[{"id":2326,"href":"http:\/\/blogg.varldenidag.se\/musik\/wp-json\/wp\/v2\/posts\/2325\/revisions\/2326"}],"wp:attachment":[{"href":"http:\/\/blogg.varldenidag.se\/musik\/wp-json\/wp\/v2\/media?parent=2325"}],"wp:term":[{"taxonomy":"category","embeddable":true,"href":"http:\/\/blogg.varldenidag.se\/musik\/wp-json\/wp\/v2\/categories?post=2325"},{"taxonomy":"post_tag","embeddable":true,"href":"http:\/\/blogg.varldenidag.se\/musik\/wp-json\/wp\/v2\/tags?post=2325"}],"curies":[{"name":"wp","href":"https:\/\/api.w.org\/{rel}","templated":true}]}}