{"id":2318,"date":"2015-04-08T00:47:55","date_gmt":"2015-04-07T22:47:55","guid":{"rendered":"http:\/\/blogg.varldenidag.se\/musik\/?p=2318"},"modified":"2015-03-31T21:48:10","modified_gmt":"2015-03-31T19:48:10","slug":"red-rockar-liv-i-varen","status":"publish","type":"post","link":"http:\/\/blogg.varldenidag.se\/musik\/red-rockar-liv-i-varen\/","title":{"rendered":"RED rockar liv i v\u00e5ren"},"content":{"rendered":"<p>N\u00e4r amerikanska kvartetten <strong>RED <\/strong>sl\u00e4pper nytt material brukar det g\u00e5 bra. Som regel brukar deras singelsl\u00e4pp leta sig h\u00f6gt upp p\u00e5 rocklistorna, och plattorna \u00e4r allt som oftast nominerade till Dove Awards eller andra priser. Prishyllan \u00e4r redan fylld med sex duvor, och kanske v\u00e4ntar fler\u00a0nu n\u00e4r nya skivan <em>&#8221;Of Beauty And Rage&#8221; <\/em>\u00e4r h\u00e4r? Det allra f\u00f6rsta singelsp\u00e5ret <em>&#8221;Darkest Part&#8221; <\/em>har i alla fall fullf\u00f6ljt traditionen med att ta \u00f6ver rocklistorna, och visst \u00e4r det en l\u00e5t i klassiskt <strong>RED<\/strong>-snitt. Ingen l\u00e4r bli besviken &#8211; inte ens Dove Awards.<\/p>\n<p><strong>Spotify-l\u00e4nk: <\/strong>https:\/\/open.spotify.com\/track\/4Dsxp3FZYCLUxYjQpQo1BP<br \/>\n<strong>Youtube-l\u00e4nk: <\/strong>https:\/\/www.youtube.com\/watch?v=7KzK-1M3QjE<\/p>\n<p><a href=\"https:\/\/glowingvibe.files.wordpress.com\/2015\/03\/ofbeautyandrage.jpg\"><img loading=\"lazy\" decoding=\"async\" class=\" size-medium wp-image-1613 aligncenter\" src=\"https:\/\/glowingvibe.files.wordpress.com\/2015\/03\/ofbeautyandrage.jpg?w=300\" alt=\"ofbeautyandrage\" width=\"300\" height=\"300\" \/><\/a><\/p>\n","protected":false},"excerpt":{"rendered":"<p>N\u00e4r amerikanska kvartetten RED sl\u00e4pper nytt material brukar det g\u00e5 bra. Som regel brukar deras singelsl\u00e4pp leta sig h\u00f6gt upp p\u00e5 rocklistorna, och plattorna \u00e4r allt som [&hellip;]<\/p>\n","protected":false},"author":15,"featured_media":0,"comment_status":"open","ping_status":"open","sticky":false,"template":"","format":"standard","meta":{"footnotes":"","_links_to":"","_links_to_target":""},"categories":[1],"tags":[],"class_list":["post-2318","post","type-post","status-publish","format-standard","hentry","category-musik"],"_links":{"self":[{"href":"http:\/\/blogg.varldenidag.se\/musik\/wp-json\/wp\/v2\/posts\/2318","targetHints":{"allow":["GET"]}}],"collection":[{"href":"http:\/\/blogg.varldenidag.se\/musik\/wp-json\/wp\/v2\/posts"}],"about":[{"href":"http:\/\/blogg.varldenidag.se\/musik\/wp-json\/wp\/v2\/types\/post"}],"author":[{"embeddable":true,"href":"http:\/\/blogg.varldenidag.se\/musik\/wp-json\/wp\/v2\/users\/15"}],"replies":[{"embeddable":true,"href":"http:\/\/blogg.varldenidag.se\/musik\/wp-json\/wp\/v2\/comments?post=2318"}],"version-history":[{"count":1,"href":"http:\/\/blogg.varldenidag.se\/musik\/wp-json\/wp\/v2\/posts\/2318\/revisions"}],"predecessor-version":[{"id":2319,"href":"http:\/\/blogg.varldenidag.se\/musik\/wp-json\/wp\/v2\/posts\/2318\/revisions\/2319"}],"wp:attachment":[{"href":"http:\/\/blogg.varldenidag.se\/musik\/wp-json\/wp\/v2\/media?parent=2318"}],"wp:term":[{"taxonomy":"category","embeddable":true,"href":"http:\/\/blogg.varldenidag.se\/musik\/wp-json\/wp\/v2\/categories?post=2318"},{"taxonomy":"post_tag","embeddable":true,"href":"http:\/\/blogg.varldenidag.se\/musik\/wp-json\/wp\/v2\/tags?post=2318"}],"curies":[{"name":"wp","href":"https:\/\/api.w.org\/{rel}","templated":true}]}}