{"id":2316,"date":"2015-04-05T00:31:16","date_gmt":"2015-04-04T22:31:16","guid":{"rendered":"http:\/\/blogg.varldenidag.se\/musik\/?p=2316"},"modified":"2015-03-31T21:31:34","modified_gmt":"2015-03-31T19:31:34","slug":"skon-folkpop-fran-sydstaterna","status":"publish","type":"post","link":"http:\/\/blogg.varldenidag.se\/musik\/skon-folkpop-fran-sydstaterna\/","title":{"rendered":"Sk\u00f6n folkpop fr\u00e5n sydstaterna"},"content":{"rendered":"<p>Direkt h\u00e4mtade fr\u00e5n den amerikanska s\u00f6dern \u00e4r folk\/roots-bandet <strong>The Vespers <\/strong>och nog m\u00e4rks det i musiken alltid! Bandet har, sedan skivdebuten 2010, vuxit sig starkare lite i skymundan och att d\u00f6ma av nya skivan <em>&#8221;Sisters &amp; Brothers&#8221; <\/em>kan det riktigt stora genombrottet vara n\u00e4ra.<br \/>\nDet \u00e4r l\u00e4tt att bli lite f\u00f6r\u00e4lskad i \u00f6ppningssp\u00e5ret <em>&#8221;Break The Cycle&#8221; <\/em>som med en hel del banjo, attityd och sk\u00f6n k\u00e4nsla f\u00f6rflyttar lyssnaren direkt till en liten konsertlokal n\u00e5gonstans i Nashville. Det \u00e4r en fr\u00f6jd att lyssna n\u00e4r <strong>The Vespers <\/strong>sveper iv\u00e4g med sin sk\u00f6na, och l\u00e4ttuggade, folkpop, och visst fastnar detta. \u00d6verraskande bra!<\/p>\n<p><strong>Spotify-l\u00e4nk: <\/strong>https:\/\/open.spotify.com\/track\/7srkYiuGKXaGQI2noVMotJ<br \/>\n<strong>Youtube-l\u00e4nk: <\/strong>https:\/\/www.youtube.com\/watch?v=ZEPH44dFs-c<\/p>\n<p><a href=\"https:\/\/glowingvibe.files.wordpress.com\/2015\/03\/untitled1111.png\"><img loading=\"lazy\" decoding=\"async\" class=\" size-full wp-image-1608 aligncenter\" src=\"https:\/\/glowingvibe.files.wordpress.com\/2015\/03\/untitled1111.png\" alt=\"untitled111\" width=\"237\" height=\"213\" \/><\/a><\/p>\n","protected":false},"excerpt":{"rendered":"<p>Direkt h\u00e4mtade fr\u00e5n den amerikanska s\u00f6dern \u00e4r folk\/roots-bandet The Vespers och nog m\u00e4rks det i musiken alltid! Bandet har, sedan skivdebuten 2010, vuxit sig starkare lite i [&hellip;]<\/p>\n","protected":false},"author":15,"featured_media":0,"comment_status":"open","ping_status":"open","sticky":false,"template":"","format":"standard","meta":{"footnotes":"","_links_to":"","_links_to_target":""},"categories":[1],"tags":[],"class_list":["post-2316","post","type-post","status-publish","format-standard","hentry","category-musik"],"_links":{"self":[{"href":"http:\/\/blogg.varldenidag.se\/musik\/wp-json\/wp\/v2\/posts\/2316","targetHints":{"allow":["GET"]}}],"collection":[{"href":"http:\/\/blogg.varldenidag.se\/musik\/wp-json\/wp\/v2\/posts"}],"about":[{"href":"http:\/\/blogg.varldenidag.se\/musik\/wp-json\/wp\/v2\/types\/post"}],"author":[{"embeddable":true,"href":"http:\/\/blogg.varldenidag.se\/musik\/wp-json\/wp\/v2\/users\/15"}],"replies":[{"embeddable":true,"href":"http:\/\/blogg.varldenidag.se\/musik\/wp-json\/wp\/v2\/comments?post=2316"}],"version-history":[{"count":1,"href":"http:\/\/blogg.varldenidag.se\/musik\/wp-json\/wp\/v2\/posts\/2316\/revisions"}],"predecessor-version":[{"id":2317,"href":"http:\/\/blogg.varldenidag.se\/musik\/wp-json\/wp\/v2\/posts\/2316\/revisions\/2317"}],"wp:attachment":[{"href":"http:\/\/blogg.varldenidag.se\/musik\/wp-json\/wp\/v2\/media?parent=2316"}],"wp:term":[{"taxonomy":"category","embeddable":true,"href":"http:\/\/blogg.varldenidag.se\/musik\/wp-json\/wp\/v2\/categories?post=2316"},{"taxonomy":"post_tag","embeddable":true,"href":"http:\/\/blogg.varldenidag.se\/musik\/wp-json\/wp\/v2\/tags?post=2316"}],"curies":[{"name":"wp","href":"https:\/\/api.w.org\/{rel}","templated":true}]}}