{"id":2312,"date":"2015-03-31T21:19:39","date_gmt":"2015-03-31T19:19:39","guid":{"rendered":"http:\/\/blogg.varldenidag.se\/musik\/?p=2312"},"modified":"2015-03-31T21:19:39","modified_gmt":"2015-03-31T19:19:39","slug":"thulin-tillbaka-med-besked","status":"publish","type":"post","link":"http:\/\/blogg.varldenidag.se\/musik\/thulin-tillbaka-med-besked\/","title":{"rendered":"Thulin tillbaka med besked"},"content":{"rendered":"<p>Snart 28 \u00e5r fyllda kan man bara konstatera en sak &#8211; <strong>Jonathan Thulin <\/strong>har p\u00e5 allvar lyckats etablera sig p\u00e5 andra sidan Atlanten.<br \/>\nEfter samarbeten med en rad artister &#8211; som <strong>Rachael Lampa <\/strong>och <strong>TobyMac <\/strong>bara f\u00f6r att n\u00e4mna n\u00e5gra &#8211; har han dessutom lyckats f\u00e5 till en solokarri\u00e4r som heter duga. Hans hit <em>&#8221;Dead Come To Life&#8221;, <\/em>som han gjorde tillsammans med lovs\u00e5ngsledaren <strong>Charmaine<\/strong>, vann m\u00e5nga amerikanska hj\u00e4rtan och sedan rullade det p\u00e5 av bara farten med <em>&#8221;Architecture&#8221;. <\/em>Och alldeles nyligen h\u00f6rde vi honom sjunga p\u00e5 <strong>Royal Ruckus <\/strong>radiov\u00e4lt <em>&#8221;Volcano&#8221;.<\/em><\/p>\n<p>Ja, ni h\u00f6r ju sj\u00e4lva &#8211; <strong>Jonathan <\/strong>har tagit sig en bra bit sedan han l\u00e4mnade \u00d6land f\u00f6r att satsa i det stora landet i v\u00e4st. N\u00e4r han nu \u00e4r tillbaka med sitt andra album har han f\u00e5tt s\u00e4llskap av artister som <strong>Kevin Max <\/strong>och n\u00e4mnda <strong>Rapture Ruckus, <\/strong>och de starka l\u00e5tarna ligger p\u00e5 en l\u00e5ng rad p\u00e5 skivan. Nedan tipsar vi om hans nya singel <em>&#8221;Compass&#8221;, <\/em>d\u00e4r <strong>Manwell Reyes <\/strong>fr\u00e5n <strong>Group1Crew <\/strong>finns med p\u00e5 ett h\u00f6rn. Tja&#8230;n\u00e5gon dagsl\u00e4nda var han d\u00e5 inte denna 28-\u00e5ring!<\/p>\n<p><strong>Spotify-l\u00e4nk: <\/strong>https:\/\/open.spotify.com\/track\/2a6Oa7zTM2wGroA0BnDhY9<br \/>\n<strong>Youtube-l\u00e4nk: <\/strong>https:\/\/www.youtube.com\/watch?v=6JL7gSNB3xA<\/p>\n<p><a href=\"https:\/\/glowingvibe.files.wordpress.com\/2015\/03\/untitled1.png\"><img loading=\"lazy\" decoding=\"async\" class=\" size-full wp-image-1602 aligncenter\" src=\"https:\/\/glowingvibe.files.wordpress.com\/2015\/03\/untitled1.png\" alt=\"untitled\" width=\"216\" height=\"216\" \/><\/a><\/p>\n","protected":false},"excerpt":{"rendered":"<p>Snart 28 \u00e5r fyllda kan man bara konstatera en sak &#8211; Jonathan Thulin har p\u00e5 allvar lyckats etablera sig p\u00e5 andra sidan Atlanten. Efter samarbeten med en [&hellip;]<\/p>\n","protected":false},"author":15,"featured_media":0,"comment_status":"open","ping_status":"open","sticky":false,"template":"","format":"standard","meta":{"footnotes":"","_links_to":"","_links_to_target":""},"categories":[1],"tags":[],"class_list":["post-2312","post","type-post","status-publish","format-standard","hentry","category-musik"],"_links":{"self":[{"href":"http:\/\/blogg.varldenidag.se\/musik\/wp-json\/wp\/v2\/posts\/2312","targetHints":{"allow":["GET"]}}],"collection":[{"href":"http:\/\/blogg.varldenidag.se\/musik\/wp-json\/wp\/v2\/posts"}],"about":[{"href":"http:\/\/blogg.varldenidag.se\/musik\/wp-json\/wp\/v2\/types\/post"}],"author":[{"embeddable":true,"href":"http:\/\/blogg.varldenidag.se\/musik\/wp-json\/wp\/v2\/users\/15"}],"replies":[{"embeddable":true,"href":"http:\/\/blogg.varldenidag.se\/musik\/wp-json\/wp\/v2\/comments?post=2312"}],"version-history":[{"count":1,"href":"http:\/\/blogg.varldenidag.se\/musik\/wp-json\/wp\/v2\/posts\/2312\/revisions"}],"predecessor-version":[{"id":2313,"href":"http:\/\/blogg.varldenidag.se\/musik\/wp-json\/wp\/v2\/posts\/2312\/revisions\/2313"}],"wp:attachment":[{"href":"http:\/\/blogg.varldenidag.se\/musik\/wp-json\/wp\/v2\/media?parent=2312"}],"wp:term":[{"taxonomy":"category","embeddable":true,"href":"http:\/\/blogg.varldenidag.se\/musik\/wp-json\/wp\/v2\/categories?post=2312"},{"taxonomy":"post_tag","embeddable":true,"href":"http:\/\/blogg.varldenidag.se\/musik\/wp-json\/wp\/v2\/tags?post=2312"}],"curies":[{"name":"wp","href":"https:\/\/api.w.org\/{rel}","templated":true}]}}