{"id":2309,"date":"2015-03-25T00:52:34","date_gmt":"2015-03-24T23:52:34","guid":{"rendered":"http:\/\/blogg.varldenidag.se\/musik\/?p=2309"},"modified":"2015-03-17T15:52:48","modified_gmt":"2015-03-17T14:52:48","slug":"spannande-bekantskap","status":"publish","type":"post","link":"http:\/\/blogg.varldenidag.se\/musik\/spannande-bekantskap\/","title":{"rendered":"Sp\u00e4nnande bekantskap"},"content":{"rendered":"<p>Nevada-sextetten <strong>I Am They <\/strong>g\u00f6r som s\u00e5 m\u00e5nga andra i den amerikanska s\u00f6dern &#8211; de l\u00e5ter banjon tala! Och vad kan v\u00e4l d\u00e5 g\u00e5 fel?<br \/>\nBandet har precis skickat ut sin debutskiva ut p\u00e5 skivhyllor och streamingtj\u00e4nster och f\u00e5r \u00e5tminstone mig att h\u00f6ja p\u00e5 \u00f6gonbrynet en hel del. Kanske \u00e4r det banjon, st\u00e4ndigt \u00e5terkommande, eller kanske bara det faktum att <strong>I Am They <\/strong>verkar vara n\u00e5gon form av experter p\u00e5 att paketera l\u00e5tar i glansiga, poppiga sydstatsfodral. Det \u00e4r glatt och poppigt, och doftar allt fr\u00e5n <strong>Andrew Peterson<\/strong>, till <strong>Mumford &amp; Sons,\u00a0Rend Collective\u00a0<\/strong>och <strong>Gungor. <\/strong><\/p>\n<p>Det \u00e4r l\u00e4tt att komma p\u00e5 sig sj\u00e4lv med att sitta och nynna med i gitarrsv\u00e4nget, banjost\u00f6ket och st\u00e4ms\u00e5ngen, men n\u00e4r singeln <em>&#8221;From The Day&#8221; <\/em>b\u00f6rjar puttra ut ur h\u00f6gtalarna tar de \u00f6ver totalt. Det \u00e4r bara att kapitulera. Gl\u00e4dje p\u00e5 h\u00f6g niv\u00e5<\/p>\n<p><strong>Spotify-l\u00e4nk: <\/strong>https:\/\/open.spotify.com\/track\/6Nenm0bjHwjCbTet7Zb9VH<br \/>\n<strong>Youtube-l\u00e4nk: <\/strong>https:\/\/www.youtube.com\/watch?feature=player_embedded&amp;v=TUjuRFwwvaw<\/p>\n<p><a href=\"https:\/\/glowingvibe.files.wordpress.com\/2015\/03\/1422384789844.png\"><img loading=\"lazy\" decoding=\"async\" class=\" size-medium wp-image-1599 aligncenter\" src=\"https:\/\/glowingvibe.files.wordpress.com\/2015\/03\/1422384789844.png?w=295\" alt=\"1422384789844\" width=\"295\" height=\"300\" \/><\/a><\/p>\n","protected":false},"excerpt":{"rendered":"<p>Nevada-sextetten I Am They g\u00f6r som s\u00e5 m\u00e5nga andra i den amerikanska s\u00f6dern &#8211; de l\u00e5ter banjon tala! Och vad kan v\u00e4l d\u00e5 g\u00e5 fel? Bandet har [&hellip;]<\/p>\n","protected":false},"author":15,"featured_media":0,"comment_status":"open","ping_status":"open","sticky":false,"template":"","format":"standard","meta":{"footnotes":"","_links_to":"","_links_to_target":""},"categories":[1],"tags":[],"class_list":["post-2309","post","type-post","status-publish","format-standard","hentry","category-musik"],"_links":{"self":[{"href":"http:\/\/blogg.varldenidag.se\/musik\/wp-json\/wp\/v2\/posts\/2309","targetHints":{"allow":["GET"]}}],"collection":[{"href":"http:\/\/blogg.varldenidag.se\/musik\/wp-json\/wp\/v2\/posts"}],"about":[{"href":"http:\/\/blogg.varldenidag.se\/musik\/wp-json\/wp\/v2\/types\/post"}],"author":[{"embeddable":true,"href":"http:\/\/blogg.varldenidag.se\/musik\/wp-json\/wp\/v2\/users\/15"}],"replies":[{"embeddable":true,"href":"http:\/\/blogg.varldenidag.se\/musik\/wp-json\/wp\/v2\/comments?post=2309"}],"version-history":[{"count":1,"href":"http:\/\/blogg.varldenidag.se\/musik\/wp-json\/wp\/v2\/posts\/2309\/revisions"}],"predecessor-version":[{"id":2310,"href":"http:\/\/blogg.varldenidag.se\/musik\/wp-json\/wp\/v2\/posts\/2309\/revisions\/2310"}],"wp:attachment":[{"href":"http:\/\/blogg.varldenidag.se\/musik\/wp-json\/wp\/v2\/media?parent=2309"}],"wp:term":[{"taxonomy":"category","embeddable":true,"href":"http:\/\/blogg.varldenidag.se\/musik\/wp-json\/wp\/v2\/categories?post=2309"},{"taxonomy":"post_tag","embeddable":true,"href":"http:\/\/blogg.varldenidag.se\/musik\/wp-json\/wp\/v2\/tags?post=2309"}],"curies":[{"name":"wp","href":"https:\/\/api.w.org\/{rel}","templated":true}]}}