{"id":2300,"date":"2015-03-17T15:14:00","date_gmt":"2015-03-17T14:14:00","guid":{"rendered":"http:\/\/blogg.varldenidag.se\/musik\/?p=2300"},"modified":"2015-03-17T15:14:00","modified_gmt":"2015-03-17T14:14:00","slug":"pop-direkt-fran-kanada","status":"publish","type":"post","link":"http:\/\/blogg.varldenidag.se\/musik\/pop-direkt-fran-kanada\/","title":{"rendered":"Pop direkt fr\u00e5n Kanada"},"content":{"rendered":"<p>Den som lyssnat p\u00e5 amerikansk radio de senaste \u00e5ren, eller f\u00f6r den delen l\u00e4st denna blogg, har knappast undg\u00e5tt kanadensaren <strong>Matt Mahers <\/strong>sk\u00f6na hits <em>&#8221;Rise Up&#8221; <\/em>och <em>&#8221;Burning In My Soul&#8221;<\/em>, tv\u00e5 grymmens bra l\u00e5tar som h\u00e5ller bra \u00e4n idag. Nu \u00e4r <strong>Maher<\/strong>, snart 40 \u00e5r fyllda, tillbaka med nytt material och som sig b\u00f6r har skivan f\u00f6reg\u00e5tts av nya framg\u00e5ngar, nu med <em>&#8221;Because He Lives (Amen).<\/em><\/p>\n<p>F\u00f6rra skivan var liveinspelad till stora delar, men den h\u00e4r g\u00e5ngen \u00e4r det studiomaterial som g\u00e4ller f\u00f6r <strong>Matt Maher. <\/strong>Uttrycket, buret av hans\u00a0sk\u00f6na r\u00f6st, \u00e4r lika unikt och proklamerar allvar, budskap och att han har n\u00e5got att s\u00e4ga. Man lyssnar n\u00e4r <strong>Matt <\/strong>sjunger, och gungas in i hans v\u00e4rld av poppiga karameller. V\u00e4l v\u00e4rt att lyssna in sig p\u00e5!<\/p>\n<p><strong>Spotify-l\u00e4nk: <\/strong>https:\/\/open.spotify.com\/album\/2p4nNg7P6ckP0D7MFOUTgP<br \/>\n<strong>Youtube-l\u00e4nk: <\/strong>https:\/\/www.youtube.com\/watch?v=PBvU7arNhQs<\/p>\n<p><a href=\"https:\/\/glowingvibe.files.wordpress.com\/2015\/03\/81tbnkuwiil__sx522_.jpg\"><img loading=\"lazy\" decoding=\"async\" class=\" size-medium wp-image-1588 aligncenter\" src=\"https:\/\/glowingvibe.files.wordpress.com\/2015\/03\/81tbnkuwiil__sx522_.jpg?w=300\" alt=\"81tBNkUWiiL__SX522_\" width=\"300\" height=\"300\" \/><\/a><\/p>\n","protected":false},"excerpt":{"rendered":"<p>Den som lyssnat p\u00e5 amerikansk radio de senaste \u00e5ren, eller f\u00f6r den delen l\u00e4st denna blogg, har knappast undg\u00e5tt kanadensaren Matt Mahers sk\u00f6na hits &#8221;Rise Up&#8221; och [&hellip;]<\/p>\n","protected":false},"author":15,"featured_media":0,"comment_status":"open","ping_status":"open","sticky":false,"template":"","format":"standard","meta":{"footnotes":"","_links_to":"","_links_to_target":""},"categories":[1],"tags":[],"class_list":["post-2300","post","type-post","status-publish","format-standard","hentry","category-musik"],"_links":{"self":[{"href":"http:\/\/blogg.varldenidag.se\/musik\/wp-json\/wp\/v2\/posts\/2300","targetHints":{"allow":["GET"]}}],"collection":[{"href":"http:\/\/blogg.varldenidag.se\/musik\/wp-json\/wp\/v2\/posts"}],"about":[{"href":"http:\/\/blogg.varldenidag.se\/musik\/wp-json\/wp\/v2\/types\/post"}],"author":[{"embeddable":true,"href":"http:\/\/blogg.varldenidag.se\/musik\/wp-json\/wp\/v2\/users\/15"}],"replies":[{"embeddable":true,"href":"http:\/\/blogg.varldenidag.se\/musik\/wp-json\/wp\/v2\/comments?post=2300"}],"version-history":[{"count":1,"href":"http:\/\/blogg.varldenidag.se\/musik\/wp-json\/wp\/v2\/posts\/2300\/revisions"}],"predecessor-version":[{"id":2301,"href":"http:\/\/blogg.varldenidag.se\/musik\/wp-json\/wp\/v2\/posts\/2300\/revisions\/2301"}],"wp:attachment":[{"href":"http:\/\/blogg.varldenidag.se\/musik\/wp-json\/wp\/v2\/media?parent=2300"}],"wp:term":[{"taxonomy":"category","embeddable":true,"href":"http:\/\/blogg.varldenidag.se\/musik\/wp-json\/wp\/v2\/categories?post=2300"},{"taxonomy":"post_tag","embeddable":true,"href":"http:\/\/blogg.varldenidag.se\/musik\/wp-json\/wp\/v2\/tags?post=2300"}],"curies":[{"name":"wp","href":"https:\/\/api.w.org\/{rel}","templated":true}]}}