{"id":2263,"date":"2015-02-01T00:38:29","date_gmt":"2015-01-31T23:38:29","guid":{"rendered":"http:\/\/blogg.varldenidag.se\/musik\/?p=2263"},"modified":"2015-01-20T21:47:33","modified_gmt":"2015-01-20T20:47:33","slug":"guldkorn-i-lovsangsvarlden","status":"publish","type":"post","link":"http:\/\/blogg.varldenidag.se\/musik\/guldkorn-i-lovsangsvarlden\/","title":{"rendered":"Guldkorn i lovs\u00e5ngsv\u00e4rlden"},"content":{"rendered":"<p>Ibland snubblar man \u00f6ver ett ov\u00e4ntat guldkorn. <strong>Brad &amp; Rebekah <\/strong>\u00e4r f\u00f6r mig just ett s\u00e5dant. Utan att ha h\u00f6rt talas om duon tidigare hamnade jag p\u00e5 deras l\u00e5t <em>&#8221;The Heart Of The Father&#8221; &#8211; <\/em>som sl\u00e4pptes i h\u00f6stas &#8211; och det beh\u00f6vs inte l\u00e5ng tid f\u00f6r att fastna! Lovs\u00e5ngsledarna, som lett lovs\u00e5ng sedan 2003, har \u00e5tminstone inte \u00e4nnu n\u00e5t ut s\u00e4rskilt brett med min musik, men lika fullt \u00e4r <em>&#8221;The Heart Of The Father&#8221; <\/em>en vacker lovs\u00e5ng som lika g\u00e4rna kunde vara signerad <strong>Chris Tomlin <\/strong>eller<strong> Matt Redman. <\/strong>En vacker lovs\u00e5ng, med magisk inramning av inga mindre \u00e4n <strong>Watoto Children&#8217;s Choir. <\/strong>Med s\u00e5dant s\u00e4llskap kan det f\u00f6rst\u00e5s inte bli annat \u00e4n bra!<\/p>\n<p><strong>Spotify-l\u00e4nk: <a href=\"http:\/\/open.spotify.com\/track\/7gcrafvqrX5tnXnjDnPHaD\"><span style=\"color: #0066cc\">Brad &amp; Rebekah \u2013 The Heart of the Father (feat. Watoto Children&#8217;s Choir)<\/span><\/a><\/strong><br \/>\n<strong>Youtube-l\u00e4nk: <\/strong>https:\/\/www.youtube.com\/watch?v=YylHAJByeJQ<\/p>\n<p><a href=\"https:\/\/glowingvibe.files.wordpress.com\/2015\/01\/untitled21.png\"><img loading=\"lazy\" decoding=\"async\" class=\" size-full wp-image-1539 aligncenter\" src=\"https:\/\/glowingvibe.files.wordpress.com\/2015\/01\/untitled21.png\" alt=\"untitled21\" width=\"205\" height=\"246\" \/><\/a><\/p>\n","protected":false},"excerpt":{"rendered":"<p>Ibland snubblar man \u00f6ver ett ov\u00e4ntat guldkorn. Brad &amp; Rebekah \u00e4r f\u00f6r mig just ett s\u00e5dant. Utan att ha h\u00f6rt talas om duon tidigare hamnade jag p\u00e5 [&hellip;]<\/p>\n","protected":false},"author":15,"featured_media":0,"comment_status":"open","ping_status":"open","sticky":false,"template":"","format":"standard","meta":{"footnotes":"","_links_to":"","_links_to_target":""},"categories":[1],"tags":[],"class_list":["post-2263","post","type-post","status-publish","format-standard","hentry","category-musik"],"_links":{"self":[{"href":"http:\/\/blogg.varldenidag.se\/musik\/wp-json\/wp\/v2\/posts\/2263","targetHints":{"allow":["GET"]}}],"collection":[{"href":"http:\/\/blogg.varldenidag.se\/musik\/wp-json\/wp\/v2\/posts"}],"about":[{"href":"http:\/\/blogg.varldenidag.se\/musik\/wp-json\/wp\/v2\/types\/post"}],"author":[{"embeddable":true,"href":"http:\/\/blogg.varldenidag.se\/musik\/wp-json\/wp\/v2\/users\/15"}],"replies":[{"embeddable":true,"href":"http:\/\/blogg.varldenidag.se\/musik\/wp-json\/wp\/v2\/comments?post=2263"}],"version-history":[{"count":1,"href":"http:\/\/blogg.varldenidag.se\/musik\/wp-json\/wp\/v2\/posts\/2263\/revisions"}],"predecessor-version":[{"id":2264,"href":"http:\/\/blogg.varldenidag.se\/musik\/wp-json\/wp\/v2\/posts\/2263\/revisions\/2264"}],"wp:attachment":[{"href":"http:\/\/blogg.varldenidag.se\/musik\/wp-json\/wp\/v2\/media?parent=2263"}],"wp:term":[{"taxonomy":"category","embeddable":true,"href":"http:\/\/blogg.varldenidag.se\/musik\/wp-json\/wp\/v2\/categories?post=2263"},{"taxonomy":"post_tag","embeddable":true,"href":"http:\/\/blogg.varldenidag.se\/musik\/wp-json\/wp\/v2\/tags?post=2263"}],"curies":[{"name":"wp","href":"https:\/\/api.w.org\/{rel}","templated":true}]}}