{"id":2246,"date":"2015-01-09T12:14:10","date_gmt":"2015-01-09T11:14:10","guid":{"rendered":"http:\/\/blogg.varldenidag.se\/musik\/?p=2246"},"modified":"2015-01-09T12:20:00","modified_gmt":"2015-01-09T11:20:00","slug":"andrae-var-en-trendsattare-och-plogspets","status":"publish","type":"post","link":"http:\/\/blogg.varldenidag.se\/musik\/andrae-var-en-trendsattare-och-plogspets\/","title":{"rendered":"Andra\u00e9 var en trends\u00e4ttare och plogspets"},"content":{"rendered":"<p class=\"p1\"><span class=\"s1\"><a href=\"http:\/\/blogg.varldenidag.se\/musik\/files\/2015\/01\/o-ANDRAE-CROUCH-facebook.jpg\"><img loading=\"lazy\" decoding=\"async\" class=\"alignright size-medium wp-image-2247\" src=\"http:\/\/blogg.varldenidag.se\/musik\/files\/2015\/01\/o-ANDRAE-CROUCH-facebook-300x150.jpg\" alt=\"Andrae Crouch\" width=\"300\" height=\"150\" srcset=\"http:\/\/blogg.varldenidag.se\/musik\/files\/2015\/01\/o-ANDRAE-CROUCH-facebook-300x150.jpg 300w, http:\/\/blogg.varldenidag.se\/musik\/files\/2015\/01\/o-ANDRAE-CROUCH-facebook-1024x512.jpg 1024w, http:\/\/blogg.varldenidag.se\/musik\/files\/2015\/01\/o-ANDRAE-CROUCH-facebook.jpg 2000w\" sizes=\"auto, (max-width: 300px) 100vw, 300px\" \/><\/a>N\u00e4r jag v\u00e4xte upp blev jag utan att veta om det p\u00e5verkad av Andra\u00e9\u00a0Crouch. S\u00e5 h\u00e4r i efterhand k\u00e4nns det som att inte en enda gudstj\u00e4nst gick utan att man sj\u00f6ng n\u00e5gon av hans s\u00e5nger. Var det inte stroferna \u201dF\u00f6r det n\u00e5r mig n\u00e4r jag \u00e4r i dalen\u201d eller\u00a0\u201dhan har makt att g\u00f6ra under \u00e4n i dag\u201d s\u00e5 var det \u201dLova Gud, o min sj\u00e4l\u201d eller, kanske mest frekvent, \u201dMin\u00a0Gud tillh\u00f6r \u00e4ran, f\u00f6r allt som han gjort\u201d.<\/span><\/p>\n<p class=\"p1\"><span class=\"s1\">Andra\u00e9\u00a0Crouch var en gospels\u00e5ngare men ocks\u00e5 en lovs\u00e5ngsledare. De tv\u00e5 tj\u00e4nsterna \u00e4r sv\u00e5ra att\u00a0h\u00e5lla is\u00e4r,\u00a0tror jag.\u00a0Jag t\u00e4nker till exempel p\u00e5 Andra\u00e9 Crouch &amp; The Disciples skiva &#8221;Live in London\u201d som genomsyras av k\u00e4rleken till Jesus och lovs\u00e5ngen till Gud. I b\u00f6rjan av inspelningen s\u00e4ger Andra\u00e9:<\/span><\/p>\n<p><iframe loading=\"lazy\" src=\"https:\/\/embed.spotify.com\/?uri=spotify:album:3wPYFkciAZ0BClP7uYpqla\" width=\"300\" height=\"380\" frameborder=\"0\" align=\"right\"><\/iframe><\/p>\n<p class=\"p1\"><span class=\"s1\">\u201dJesus lever och han \u00e4r h\u00e4r i kv\u00e4ll. Vi vet det eftersom vi tog med oss honom hit\u00a0&#8211; men n\u00e4r vi kommit hit s\u00e5 uppt\u00e4ckte vi att han redan var h\u00e4r. Ikv\u00e4ll ska vi inte ha en konsert utan gudstj\u00e4nst\u201d.<\/span><\/p>\n<p class=\"p1\"><span class=\"s1\">Ja, \u201dchurch\u201d var det ord han egentligen anv\u00e4nde. Allts\u00e5 &#8211; att h\u00e4nge sig till Gud i gudstj\u00e4nst, s\u00e5ng, b\u00f6n och f\u00f6rkunnelse.<\/span><\/p>\n<p class=\"p1\"><span class=\"s1\">Samma sak s\u00e5g jag n\u00e4r jag h\u00f6rde honom p\u00e5 Livets ord i Uppsala 2003.<\/span><\/p>\n<p class=\"p1\"><span class=\"s1\">Tillsammans med svenska gospelk\u00f6ren Solid Gospel gjorde han ett stopp p\u00e5 turn\u00e9n \u201dGospel around the world\u201d\u00a0och hade bland annat med sig den legendariske trummisen, Bill Maxwell.<\/span><\/p>\n<p class=\"p1\"><span class=\"s1\">Mitt starkaste minne fr\u00e5n konserten var inte\u00a0n\u00e5gon s\u00e4rskild s\u00e5ng utan n\u00e4r Andra\u00e9\u00a0satte sig vid pianot och drog i g\u00e5ng \u201dchurch\u201d. Jag minns att musikerna i bandet hade lite sv\u00e5rt att h\u00e4nga med i var han var p\u00e5 v\u00e4g s\u00e5 Bill Maxwell steg in och tog \u00f6ver med en virveltrumma och en cymbal.\u00a0Tillsammans drog Andra\u00e9 och Bill ner himlen i Livets ords stora kyrksal p\u00e5 ett alldeles speciellt s\u00e4tt.<\/span><\/p>\n<p class=\"p1\"><span class=\"s1\">Det var som att vi i publiken inte l\u00e4ngre var publik till personerna p\u00e5 scenen utan att vi tillsammans var tillbedjare inf\u00f6r Guds tron. Vi var ett ackord, om man s\u00e5 vill. Eller \u2013 \u201dsamlade&#8221;\u00a0som det st\u00e5r i svenska \u00f6vers\u00e4ttningen om l\u00e4rjungarna i \u00d6vre salen p\u00e5 den f\u00f6rsta pingstdagen.<\/span><\/p>\n<p class=\"p1\"><span class=\"s1\">Det \u00e4r just d\u00e4r lovs\u00e5ngsledaren har sin uppgift. Att samla alla tillsammans, oavsett musikaliska preferenser, \u00e5sikter om\u00a0hur en gudstj\u00e4nst borde g\u00e5 till\u00a0eller teologiska skiljaktigheter.<\/span><\/p>\n<p class=\"p1\"><span class=\"s1\">Inf\u00f6r tronen \u00e4r vi alla lika och d\u00e4r finns bara jag och Gud. En s\u00e5ngare som klarar av att leda flera tusen personer\u00a0till den platsen har f\u00e5tt n\u00e5d fr\u00e5n Gud.<\/span><\/p>\n<p class=\"p1\"><span class=\"s1\">Andra\u00e9 Crouch var en av de personerna. En trends\u00e4ttare n\u00e4r det g\u00e4ller det musikaliska och en plogspets n\u00e4r det g\u00e4ller den andliga s\u00e5ngaren och musikerns tj\u00e4nst.<\/span><\/p>\n<p class=\"p1\"><span class=\"s1\">Jag ber till Gud att m\u00e5nga, m\u00e5nga personer runt om i Sverige och v\u00e4rlden ska inspireras av Andra\u00e9 som g\u00e5tt f\u00f6re och visat p\u00e5 en annan v\u00e4g \u00e4n v\u00e4rldens v\u00e4g. Visat p\u00e5 v\u00e4gen fram till tronen.<\/span><\/p>\n<p class=\"p1\"><span class=\"s1\">Jag vet att \u00e5tminstone jag inspireras till nya saker av det arvet.<\/span><\/p>\n","protected":false},"excerpt":{"rendered":"<p>N\u00e4r jag v\u00e4xte upp blev jag utan att veta om det p\u00e5verkad av Andra\u00e9\u00a0Crouch. S\u00e5 h\u00e4r i efterhand k\u00e4nns det som att inte en enda gudstj\u00e4nst gick [&hellip;]<\/p>\n","protected":false},"author":4,"featured_media":2247,"comment_status":"open","ping_status":"open","sticky":false,"template":"","format":"standard","meta":{"footnotes":"","_links_to":"","_links_to_target":""},"categories":[1],"tags":[430,431],"class_list":["post-2246","post","type-post","status-publish","format-standard","has-post-thumbnail","hentry","category-musik","tag-andraecrouch","tag-gospel"],"_links":{"self":[{"href":"http:\/\/blogg.varldenidag.se\/musik\/wp-json\/wp\/v2\/posts\/2246","targetHints":{"allow":["GET"]}}],"collection":[{"href":"http:\/\/blogg.varldenidag.se\/musik\/wp-json\/wp\/v2\/posts"}],"about":[{"href":"http:\/\/blogg.varldenidag.se\/musik\/wp-json\/wp\/v2\/types\/post"}],"author":[{"embeddable":true,"href":"http:\/\/blogg.varldenidag.se\/musik\/wp-json\/wp\/v2\/users\/4"}],"replies":[{"embeddable":true,"href":"http:\/\/blogg.varldenidag.se\/musik\/wp-json\/wp\/v2\/comments?post=2246"}],"version-history":[{"count":3,"href":"http:\/\/blogg.varldenidag.se\/musik\/wp-json\/wp\/v2\/posts\/2246\/revisions"}],"predecessor-version":[{"id":2250,"href":"http:\/\/blogg.varldenidag.se\/musik\/wp-json\/wp\/v2\/posts\/2246\/revisions\/2250"}],"wp:featuredmedia":[{"embeddable":true,"href":"http:\/\/blogg.varldenidag.se\/musik\/wp-json\/wp\/v2\/media\/2247"}],"wp:attachment":[{"href":"http:\/\/blogg.varldenidag.se\/musik\/wp-json\/wp\/v2\/media?parent=2246"}],"wp:term":[{"taxonomy":"category","embeddable":true,"href":"http:\/\/blogg.varldenidag.se\/musik\/wp-json\/wp\/v2\/categories?post=2246"},{"taxonomy":"post_tag","embeddable":true,"href":"http:\/\/blogg.varldenidag.se\/musik\/wp-json\/wp\/v2\/tags?post=2246"}],"curies":[{"name":"wp","href":"https:\/\/api.w.org\/{rel}","templated":true}]}}