{"id":2237,"date":"2014-12-29T00:45:46","date_gmt":"2014-12-28T23:45:46","guid":{"rendered":"http:\/\/blogg.varldenidag.se\/musik\/?p=2237"},"modified":"2014-12-09T21:46:00","modified_gmt":"2014-12-09T20:46:00","slug":"topp-14-2014-plats-3","status":"publish","type":"post","link":"http:\/\/blogg.varldenidag.se\/musik\/topp-14-2014-plats-3\/","title":{"rendered":"Topp 14 2014: Plats 3"},"content":{"rendered":"<p>Det \u00e4r lika bra att erk\u00e4nna: det var grymt sv\u00e5rt att s\u00e4rskilja de tre b\u00e4sta l\u00e5tarna under 2014. Det \u00e4r tre fantastiska l\u00e5tar som definitivt kommer att sitta kvar i minnet f\u00f6r l\u00e5ng tid fram\u00e5t.\u00a0Men efter en del funderande \u00e4r det <strong>Kari Jobes <\/strong><em>&#8221;Forever&#8221; <\/em>som kniper tredjeplatsen. Lovs\u00e5ngsledaren fr\u00e5n Texas har onekligen skrivit \u00e5rets i s\u00e4rklass b\u00e4sta lovs\u00e5ng, som likt f\u00e5 andra l\u00e5tar det g\u00e5ngna \u00e5ret verkligen griper tag. Lovs\u00e5ngen tar sin b\u00f6rjan i sorg och m\u00f6rker f\u00f6r att f\u00e4rdas in i ljus och hopp p\u00e5 ett fullkomligt makal\u00f6st s\u00e4tt. <em>&#8221;Forever&#8221; <\/em>\u00e4r &#8211; tvekl\u00f6st &#8211; en lovs\u00e5ng som kommer att leva kvar m\u00e5nga, m\u00e5nga \u00e5r fram\u00e5t. En helt briljant l\u00e5t som lika g\u00e4rna hade kunnat ta f\u00f6rstaplatsen. Magi!<\/p>\n<p><strong>Spotify-l\u00e4nk: <\/strong><a href=\"http:\/\/open.spotify.com\/track\/0Iibr6NrUUKQi5vR58tdQc\"><span style=\"color: #0066cc\"><strong>Kari Jobe \u2013 Forever &#8211; Live<\/strong><\/span><\/a><br \/>\n<strong>Youtube-l\u00e4nk: <\/strong>https:\/\/www.youtube.com\/watch?v=huFra1mnIVE<\/p>\n<p><a href=\"https:\/\/glowingvibe.files.wordpress.com\/2014\/03\/karijobe-612x334.png\"><img loading=\"lazy\" decoding=\"async\" class=\" size-medium wp-image-1211 aligncenter\" src=\"https:\/\/glowingvibe.files.wordpress.com\/2014\/03\/karijobe-612x334.png?w=300\" alt=\"KariJobe-612x334\" width=\"300\" height=\"164\" \/><\/a><\/p>\n","protected":false},"excerpt":{"rendered":"<p>Det \u00e4r lika bra att erk\u00e4nna: det var grymt sv\u00e5rt att s\u00e4rskilja de tre b\u00e4sta l\u00e5tarna under 2014. Det \u00e4r tre fantastiska l\u00e5tar som definitivt kommer att [&hellip;]<\/p>\n","protected":false},"author":15,"featured_media":0,"comment_status":"open","ping_status":"open","sticky":false,"template":"","format":"standard","meta":{"footnotes":"","_links_to":"","_links_to_target":""},"categories":[1],"tags":[],"class_list":["post-2237","post","type-post","status-publish","format-standard","hentry","category-musik"],"_links":{"self":[{"href":"http:\/\/blogg.varldenidag.se\/musik\/wp-json\/wp\/v2\/posts\/2237","targetHints":{"allow":["GET"]}}],"collection":[{"href":"http:\/\/blogg.varldenidag.se\/musik\/wp-json\/wp\/v2\/posts"}],"about":[{"href":"http:\/\/blogg.varldenidag.se\/musik\/wp-json\/wp\/v2\/types\/post"}],"author":[{"embeddable":true,"href":"http:\/\/blogg.varldenidag.se\/musik\/wp-json\/wp\/v2\/users\/15"}],"replies":[{"embeddable":true,"href":"http:\/\/blogg.varldenidag.se\/musik\/wp-json\/wp\/v2\/comments?post=2237"}],"version-history":[{"count":1,"href":"http:\/\/blogg.varldenidag.se\/musik\/wp-json\/wp\/v2\/posts\/2237\/revisions"}],"predecessor-version":[{"id":2238,"href":"http:\/\/blogg.varldenidag.se\/musik\/wp-json\/wp\/v2\/posts\/2237\/revisions\/2238"}],"wp:attachment":[{"href":"http:\/\/blogg.varldenidag.se\/musik\/wp-json\/wp\/v2\/media?parent=2237"}],"wp:term":[{"taxonomy":"category","embeddable":true,"href":"http:\/\/blogg.varldenidag.se\/musik\/wp-json\/wp\/v2\/categories?post=2237"},{"taxonomy":"post_tag","embeddable":true,"href":"http:\/\/blogg.varldenidag.se\/musik\/wp-json\/wp\/v2\/tags?post=2237"}],"curies":[{"name":"wp","href":"https:\/\/api.w.org\/{rel}","templated":true}]}}