{"id":2233,"date":"2014-12-27T00:31:48","date_gmt":"2014-12-26T23:31:48","guid":{"rendered":"http:\/\/blogg.varldenidag.se\/musik\/?p=2233"},"modified":"2014-12-09T21:32:04","modified_gmt":"2014-12-09T20:32:04","slug":"topp-14-2014-plats-5","status":"publish","type":"post","link":"http:\/\/blogg.varldenidag.se\/musik\/topp-14-2014-plats-5\/","title":{"rendered":"Topp 14 2014: Plats 5"},"content":{"rendered":"<p>Det \u00e4r inte f\u00f6rsta g\u00e5ngen som singer\/songwriter-esset <strong>Jason Gray <\/strong>tar sig in p\u00e5 en s\u00e5n h\u00e4r lista, och knappast heller den sista! Det h\u00e4r \u00e4r en snubbe som f\u00e5r det att l\u00e5ta s\u00e5 galet enkelt att f\u00e5 ihop en riktigt vass l\u00e5t. F\u00f6r h\u00e4r sv\u00e4vas det inte ut i extravaganta arrangemang eller krystade texter, ist\u00e4llet \u00e4r det enkelheten som r\u00e5der n\u00e4r <strong>Gray <\/strong>kn\u00e5par ihop sina l\u00e5tar. Men likfullt sitter man d\u00e4r efter lyssningen med ett leende p\u00e5 l\u00e4pparna, f\u00f6r budskapet tr\u00e4ffar rakt i hj\u00e4rtat. Jag vet inte hur han lyckas, men <strong>Gray <\/strong>\u00e4r en m\u00e4stare p\u00e5 att skapa grymma l\u00e5tar. End of story.<\/p>\n<p><strong>Spotify-l\u00e4nk: <\/strong><a href=\"http:\/\/open.spotify.com\/track\/6OXEsqyAF821GNmIC1VM3P\"><span style=\"color: #0066cc\"><strong>Jason Gray \u2013 Laugh Out Loud<\/strong><\/span><\/a><br \/>\n<strong>Youtube-l\u00e4nk: <\/strong>https:\/\/www.youtube.com\/watch?v=EHKwTvAAzF0<\/p>\n<p><a href=\"https:\/\/glowingvibe.files.wordpress.com\/2014\/03\/schermafbeelding-2013-12-26-om-11_50_10-400x398.png\"><img loading=\"lazy\" decoding=\"async\" class=\" size-medium wp-image-1220 aligncenter\" src=\"https:\/\/glowingvibe.files.wordpress.com\/2014\/03\/schermafbeelding-2013-12-26-om-11_50_10-400x398.png?w=300\" alt=\"Schermafbeelding-2013-12-26-om-11_50_10-400x398\" width=\"300\" height=\"300\" \/><\/a><\/p>\n","protected":false},"excerpt":{"rendered":"<p>Det \u00e4r inte f\u00f6rsta g\u00e5ngen som singer\/songwriter-esset Jason Gray tar sig in p\u00e5 en s\u00e5n h\u00e4r lista, och knappast heller den sista! Det h\u00e4r \u00e4r en snubbe [&hellip;]<\/p>\n","protected":false},"author":15,"featured_media":0,"comment_status":"open","ping_status":"open","sticky":false,"template":"","format":"standard","meta":{"footnotes":"","_links_to":"","_links_to_target":""},"categories":[1],"tags":[],"class_list":["post-2233","post","type-post","status-publish","format-standard","hentry","category-musik"],"_links":{"self":[{"href":"http:\/\/blogg.varldenidag.se\/musik\/wp-json\/wp\/v2\/posts\/2233","targetHints":{"allow":["GET"]}}],"collection":[{"href":"http:\/\/blogg.varldenidag.se\/musik\/wp-json\/wp\/v2\/posts"}],"about":[{"href":"http:\/\/blogg.varldenidag.se\/musik\/wp-json\/wp\/v2\/types\/post"}],"author":[{"embeddable":true,"href":"http:\/\/blogg.varldenidag.se\/musik\/wp-json\/wp\/v2\/users\/15"}],"replies":[{"embeddable":true,"href":"http:\/\/blogg.varldenidag.se\/musik\/wp-json\/wp\/v2\/comments?post=2233"}],"version-history":[{"count":1,"href":"http:\/\/blogg.varldenidag.se\/musik\/wp-json\/wp\/v2\/posts\/2233\/revisions"}],"predecessor-version":[{"id":2234,"href":"http:\/\/blogg.varldenidag.se\/musik\/wp-json\/wp\/v2\/posts\/2233\/revisions\/2234"}],"wp:attachment":[{"href":"http:\/\/blogg.varldenidag.se\/musik\/wp-json\/wp\/v2\/media?parent=2233"}],"wp:term":[{"taxonomy":"category","embeddable":true,"href":"http:\/\/blogg.varldenidag.se\/musik\/wp-json\/wp\/v2\/categories?post=2233"},{"taxonomy":"post_tag","embeddable":true,"href":"http:\/\/blogg.varldenidag.se\/musik\/wp-json\/wp\/v2\/tags?post=2233"}],"curies":[{"name":"wp","href":"https:\/\/api.w.org\/{rel}","templated":true}]}}