{"id":2225,"date":"2014-12-23T01:11:02","date_gmt":"2014-12-23T00:11:02","guid":{"rendered":"http:\/\/blogg.varldenidag.se\/musik\/?p=2225"},"modified":"2014-12-09T22:06:14","modified_gmt":"2014-12-09T21:06:14","slug":"topp-14-2014-plats-9","status":"publish","type":"post","link":"http:\/\/blogg.varldenidag.se\/musik\/topp-14-2014-plats-9\/","title":{"rendered":"Topp 14 2014: Plats 9"},"content":{"rendered":"<p>Det var ganska l\u00e4tt att f\u00f6rutse att duon <strong>For King &amp; Country <\/strong>skulle placera sig p\u00e5 denna lista, f\u00f6r med sin grymma <em>&#8221;Fix My Eyes&#8221; <\/em>var det ganska uppenbart. Det \u00e4r en riktig hitl\u00e5t, som skulle kunna slukas av vilken radiostation som helst. Gl\u00e4djen sprider sig rakt igenom varje ton, och till slut \u00e4r det bara att kapitulera. F\u00f6r det h\u00e4r s\u00e4tter sig likt ett tuggummi i huvudet!<\/p>\n<p><strong>Spotify-l\u00e4nk: <a href=\"http:\/\/open.spotify.com\/track\/3IaNjoFdfgvN6mhUfGLUwX\"><span style=\"color: #0066cc\">for King &amp; Country \u2013 Fix My Eyes<\/span><\/a><br \/>\n<\/strong><strong>Youtube-l\u00e4nk: <\/strong>https:\/\/www.youtube.com\/watch?v=Yd2we03Sy4I<\/p>\n<p><a href=\"https:\/\/glowingvibe.files.wordpress.com\/2014\/08\/untitled.png\"><img loading=\"lazy\" decoding=\"async\" class=\" size-full wp-image-1337 aligncenter\" src=\"https:\/\/glowingvibe.files.wordpress.com\/2014\/08\/untitled.png\" alt=\"untitled\" width=\"225\" height=\"225\" \/><\/a><\/p>\n","protected":false},"excerpt":{"rendered":"<p>Det var ganska l\u00e4tt att f\u00f6rutse att duon For King &amp; Country skulle placera sig p\u00e5 denna lista, f\u00f6r med sin grymma &#8221;Fix My Eyes&#8221; var det [&hellip;]<\/p>\n","protected":false},"author":15,"featured_media":0,"comment_status":"open","ping_status":"open","sticky":false,"template":"","format":"standard","meta":{"footnotes":"","_links_to":"","_links_to_target":""},"categories":[1],"tags":[],"class_list":["post-2225","post","type-post","status-publish","format-standard","hentry","category-musik"],"_links":{"self":[{"href":"http:\/\/blogg.varldenidag.se\/musik\/wp-json\/wp\/v2\/posts\/2225","targetHints":{"allow":["GET"]}}],"collection":[{"href":"http:\/\/blogg.varldenidag.se\/musik\/wp-json\/wp\/v2\/posts"}],"about":[{"href":"http:\/\/blogg.varldenidag.se\/musik\/wp-json\/wp\/v2\/types\/post"}],"author":[{"embeddable":true,"href":"http:\/\/blogg.varldenidag.se\/musik\/wp-json\/wp\/v2\/users\/15"}],"replies":[{"embeddable":true,"href":"http:\/\/blogg.varldenidag.se\/musik\/wp-json\/wp\/v2\/comments?post=2225"}],"version-history":[{"count":1,"href":"http:\/\/blogg.varldenidag.se\/musik\/wp-json\/wp\/v2\/posts\/2225\/revisions"}],"predecessor-version":[{"id":2226,"href":"http:\/\/blogg.varldenidag.se\/musik\/wp-json\/wp\/v2\/posts\/2225\/revisions\/2226"}],"wp:attachment":[{"href":"http:\/\/blogg.varldenidag.se\/musik\/wp-json\/wp\/v2\/media?parent=2225"}],"wp:term":[{"taxonomy":"category","embeddable":true,"href":"http:\/\/blogg.varldenidag.se\/musik\/wp-json\/wp\/v2\/categories?post=2225"},{"taxonomy":"post_tag","embeddable":true,"href":"http:\/\/blogg.varldenidag.se\/musik\/wp-json\/wp\/v2\/tags?post=2225"}],"curies":[{"name":"wp","href":"https:\/\/api.w.org\/{rel}","templated":true}]}}