{"id":2206,"date":"2014-12-02T00:18:19","date_gmt":"2014-12-01T23:18:19","guid":{"rendered":"http:\/\/blogg.varldenidag.se\/musik\/?p=2206"},"modified":"2014-11-25T23:18:34","modified_gmt":"2014-11-25T22:18:34","slug":"vacker-svensk-lovsang","status":"publish","type":"post","link":"http:\/\/blogg.varldenidag.se\/musik\/vacker-svensk-lovsang\/","title":{"rendered":"Vacker svensk lovs\u00e5ng"},"content":{"rendered":"<p><strong>Paul Biktor B\u00f6rjesson <\/strong>och <strong>Robert Eriksson <\/strong>ligger tillsammans bakom skivan <em>&#8221;Vallfartss\u00e5nger&#8221; <\/em>vill bidra med s\u00e5nger som man kan sjunga i sv\u00e5ra tider, som f\u00f6rankrar en i tron i gl\u00e4dje och sorg. P\u00e5 projektet har de \u00f6versatt l\u00e5tar av bland andra <strong>All Sons And Daughter <\/strong>och <strong>Andrew Peterson<\/strong>. P\u00e5 Spotify finns s\u00e5h\u00e4r l\u00e5ngt bara ett smakprov, men det \u00e4r en l\u00e5t som riktigt greppar tag. <em>&#8221;Soluppg\u00e5ng&#8221;, <\/em>med <strong>Jenny Wahlstr\u00f6m<\/strong> som g\u00e4sts\u00e5ngerska, \u00e4r en hoppfull hymn som st\u00e4rker och ber\u00f6r i h\u00f6stm\u00f6rkret. En fantastiskt vacker svensk lovs\u00e5ng, som har all potential att bli en ny klassiker runtom i landets kyrkor!<\/p>\n<p><strong>Spotify-l\u00e4nk: <a href=\"http:\/\/open.spotify.com\/track\/5qS7KBFKSIsEgtJxiyrM5C\"><span style=\"color: #0066cc\">Paul Biktor B\u00f6rjesson &amp; Robert Eriksson \u2013 Soluppg\u00e5ng (feat. Jenny Wahlstr\u00f6m)<\/span><\/a><\/strong><\/p>\n<p><a href=\"https:\/\/glowingvibe.files.wordpress.com\/2014\/11\/untitled9.png\"><img loading=\"lazy\" decoding=\"async\" class=\"size-full wp-image-1484 aligncenter\" src=\"https:\/\/glowingvibe.files.wordpress.com\/2014\/11\/untitled9.png\" alt=\"untitled9\" width=\"238\" height=\"212\" \/><\/a><\/p>\n","protected":false},"excerpt":{"rendered":"<p>Paul Biktor B\u00f6rjesson och Robert Eriksson ligger tillsammans bakom skivan &#8221;Vallfartss\u00e5nger&#8221; vill bidra med s\u00e5nger som man kan sjunga i sv\u00e5ra tider, som f\u00f6rankrar en i tron [&hellip;]<\/p>\n","protected":false},"author":15,"featured_media":0,"comment_status":"open","ping_status":"open","sticky":false,"template":"","format":"standard","meta":{"footnotes":"","_links_to":"","_links_to_target":""},"categories":[1],"tags":[],"class_list":["post-2206","post","type-post","status-publish","format-standard","hentry","category-musik"],"_links":{"self":[{"href":"http:\/\/blogg.varldenidag.se\/musik\/wp-json\/wp\/v2\/posts\/2206","targetHints":{"allow":["GET"]}}],"collection":[{"href":"http:\/\/blogg.varldenidag.se\/musik\/wp-json\/wp\/v2\/posts"}],"about":[{"href":"http:\/\/blogg.varldenidag.se\/musik\/wp-json\/wp\/v2\/types\/post"}],"author":[{"embeddable":true,"href":"http:\/\/blogg.varldenidag.se\/musik\/wp-json\/wp\/v2\/users\/15"}],"replies":[{"embeddable":true,"href":"http:\/\/blogg.varldenidag.se\/musik\/wp-json\/wp\/v2\/comments?post=2206"}],"version-history":[{"count":1,"href":"http:\/\/blogg.varldenidag.se\/musik\/wp-json\/wp\/v2\/posts\/2206\/revisions"}],"predecessor-version":[{"id":2207,"href":"http:\/\/blogg.varldenidag.se\/musik\/wp-json\/wp\/v2\/posts\/2206\/revisions\/2207"}],"wp:attachment":[{"href":"http:\/\/blogg.varldenidag.se\/musik\/wp-json\/wp\/v2\/media?parent=2206"}],"wp:term":[{"taxonomy":"category","embeddable":true,"href":"http:\/\/blogg.varldenidag.se\/musik\/wp-json\/wp\/v2\/categories?post=2206"},{"taxonomy":"post_tag","embeddable":true,"href":"http:\/\/blogg.varldenidag.se\/musik\/wp-json\/wp\/v2\/tags?post=2206"}],"curies":[{"name":"wp","href":"https:\/\/api.w.org\/{rel}","templated":true}]}}