{"id":2183,"date":"2014-12-01T00:25:51","date_gmt":"2014-11-30T23:25:51","guid":{"rendered":"http:\/\/blogg.varldenidag.se\/musik\/?p=2183"},"modified":"2014-11-03T21:26:05","modified_gmt":"2014-11-03T20:26:05","slug":"julens-favoriter","status":"publish","type":"post","link":"http:\/\/blogg.varldenidag.se\/musik\/julens-favoriter\/","title":{"rendered":"Julens favoriter"},"content":{"rendered":"<p>Julen kryper allt n\u00e4rmare, och det \u00e4r h\u00f6g tid att se till att julens spellistor ligger h\u00f6gst upp i musikspelaren!<\/p>\n<p>Vi har samlat ihop de egna jul-favoriterna, d\u00e4r b\u00e5de n\u00e5gra klassiska l\u00e5tar och nya favoriter ryms. Juligt bra!<\/p>\n<p>Klicka bara p\u00e5 l\u00e4nkarna nedan, s\u00e5 \u00f6ppnas l\u00e5tarna i Spotify.<\/p>\n<p><a href=\"http:\/\/open.spotify.com\/track\/775UFUTHJe6iq6uAZhRwGK\"><span style=\"color: #0066cc\">Francesca Battistelli \u2013 Marshmallow World<\/span><\/a><br \/>\n<a href=\"http:\/\/open.spotify.com\/track\/2WSAbvhC0Dpcys70bXP42m\"><span style=\"color: #0066cc\">Third Day \u2013 What Child Is This?<\/span><\/a><br \/>\n<a href=\"http:\/\/open.spotify.com\/track\/6ZvGIWs3Vt4cmVkuycJaFM\"><span style=\"color: #0066cc\">Casting Crowns \u2013 I Heard The Bells On Christmas Day<\/span><\/a><br \/>\n<a href=\"http:\/\/open.spotify.com\/track\/5lg6bAHQmAYK8WUXeJqNpV\"><span style=\"color: #0066cc\">Jason Gray \u2013 O Holy Night<\/span><\/a><br \/>\n<a href=\"http:\/\/open.spotify.com\/track\/5t3k2lEJtQSQeuyU8OPVfe\"><span style=\"color: #0066cc\">Jeremy Camp \u2013 O Come, O Come Emmanuel<\/span><\/a><br \/>\n<a href=\"http:\/\/open.spotify.com\/track\/7oMMpPYsKo4sNicZkU3MfX\"><span style=\"color: #0066cc\">Kutless \u2013 O Holy Night<\/span><\/a><br \/>\n<a href=\"http:\/\/open.spotify.com\/track\/376OJJSn9JRnTmkUaTKP5X\"><span style=\"color: #0066cc\">Michael W. Smith \u2013 Christmas Angels<\/span><\/a><br \/>\n<a href=\"http:\/\/open.spotify.com\/track\/20ZNq3W35yhw1oDQovqgqe\"><span style=\"color: #0066cc\">Michael W. Smith \u2013 Sing Noel, Sing Hallelujah<\/span><\/a><br \/>\n<a href=\"http:\/\/open.spotify.com\/track\/0b8Fnm5Zfngvea13OY23MI\"><span style=\"color: #0066cc\">Relient K \u2013 Angels We Have Heard On High<\/span><\/a><br \/>\n<a href=\"http:\/\/open.spotify.com\/track\/3shJTlInJW66vhB4C3yMf9\"><span style=\"color: #0066cc\">MercyMe \u2013 It Came Upon a Midnight Clear<\/span><\/a><br \/>\n<a href=\"http:\/\/open.spotify.com\/track\/5Vr1I8b3LNnZYQLgzdTAwN\"><span style=\"color: #0066cc\">Dave Barnes \u2013 Very Merry Christmas<\/span><\/a><br \/>\n<a href=\"http:\/\/open.spotify.com\/track\/2oIHCAsLd99M9obtlANu3C\"><span style=\"color: #0066cc\">Phil Wickham \u2013 O Come All Ye Faithful<\/span><\/a><br \/>\n<a href=\"http:\/\/open.spotify.com\/track\/4Gm5V7uJEV88adsp9pWtvB\"><span style=\"color: #0066cc\">TobyMac \u2013 The First Noel (feat. Owl City)<\/span><\/a><\/p>\n<p style=\"text-align: center\"><a href=\"https:\/\/glowingvibe.files.wordpress.com\/2014\/11\/santa.png\"><img loading=\"lazy\" decoding=\"async\" class=\"size-full wp-image-1447 aligncenter\" src=\"https:\/\/glowingvibe.files.wordpress.com\/2014\/11\/santa.png\" alt=\"santa\" width=\"220\" height=\"229\" \/><\/a><\/p>\n","protected":false},"excerpt":{"rendered":"<p>Julen kryper allt n\u00e4rmare, och det \u00e4r h\u00f6g tid att se till att julens spellistor ligger h\u00f6gst upp i musikspelaren! Vi har samlat ihop de egna jul-favoriterna, [&hellip;]<\/p>\n","protected":false},"author":15,"featured_media":0,"comment_status":"open","ping_status":"open","sticky":false,"template":"","format":"standard","meta":{"footnotes":"","_links_to":"","_links_to_target":""},"categories":[1],"tags":[],"class_list":["post-2183","post","type-post","status-publish","format-standard","hentry","category-musik"],"_links":{"self":[{"href":"http:\/\/blogg.varldenidag.se\/musik\/wp-json\/wp\/v2\/posts\/2183","targetHints":{"allow":["GET"]}}],"collection":[{"href":"http:\/\/blogg.varldenidag.se\/musik\/wp-json\/wp\/v2\/posts"}],"about":[{"href":"http:\/\/blogg.varldenidag.se\/musik\/wp-json\/wp\/v2\/types\/post"}],"author":[{"embeddable":true,"href":"http:\/\/blogg.varldenidag.se\/musik\/wp-json\/wp\/v2\/users\/15"}],"replies":[{"embeddable":true,"href":"http:\/\/blogg.varldenidag.se\/musik\/wp-json\/wp\/v2\/comments?post=2183"}],"version-history":[{"count":1,"href":"http:\/\/blogg.varldenidag.se\/musik\/wp-json\/wp\/v2\/posts\/2183\/revisions"}],"predecessor-version":[{"id":2184,"href":"http:\/\/blogg.varldenidag.se\/musik\/wp-json\/wp\/v2\/posts\/2183\/revisions\/2184"}],"wp:attachment":[{"href":"http:\/\/blogg.varldenidag.se\/musik\/wp-json\/wp\/v2\/media?parent=2183"}],"wp:term":[{"taxonomy":"category","embeddable":true,"href":"http:\/\/blogg.varldenidag.se\/musik\/wp-json\/wp\/v2\/categories?post=2183"},{"taxonomy":"post_tag","embeddable":true,"href":"http:\/\/blogg.varldenidag.se\/musik\/wp-json\/wp\/v2\/tags?post=2183"}],"curies":[{"name":"wp","href":"https:\/\/api.w.org\/{rel}","templated":true}]}}