{"id":2149,"date":"2014-10-31T00:05:37","date_gmt":"2014-10-30T23:05:37","guid":{"rendered":"http:\/\/blogg.varldenidag.se\/musik\/?p=2149"},"modified":"2014-10-07T21:05:54","modified_gmt":"2014-10-07T19:05:54","slug":"vackert-trots-allt","status":"publish","type":"post","link":"http:\/\/blogg.varldenidag.se\/musik\/vackert-trots-allt\/","title":{"rendered":"Vackert trots allt"},"content":{"rendered":"<p>Okej. Jag s\u00e4ger det direkt. Det m\u00e5 vara tv\u00e5 saker som den kristna musikscenen \u00e4r \u00f6versv\u00e4mmad av:\u00a0Manliga singer\/songwriters. Och s\u00e5 l\u00e5tar som heter <em>&#8221;Beautiful&#8221;. <\/em>Med det f\u00f6rl\u00e5tet att singer\/songwritern <strong>Dan Bremnes <\/strong>faktiskt d\u00f6pt sin nya l\u00e5t till just <em>&#8221;Beautiful&#8221;<\/em>, s\u00e5 kan man \u00e4nd\u00e5 konstatera att han faktiskt har skrivit en hitl\u00e5t. Ganska klassiskt, amerikansk popsnitt&#8230;absolut. Men likv\u00e4l \u00e4r det en l\u00e5t som \u00e4r v\u00e4rd att f\u00e5 fylla dina h\u00f6gtalare under n\u00e5gra minuters tid. Och l\u00e5ten skvallrar om att kanadensaren <strong>Dan Bremnes <\/strong>\u00e4r ett namn du kommer att kunna l\u00e4sa om fler g\u00e5nger i framtiden! F\u00f6r inte alla artister klarar av att placera sin debutsingel p\u00e5 Billboards Christian Music-chart.<\/p>\n<p><strong>Spotify-l\u00e4nk: <a href=\"http:\/\/open.spotify.com\/album\/7Ko07AmtU6GYmFhoWVI7Ka\"><span style=\"color: #0066cc\">Dan Bremnes \u2013 Beautiful<\/span><\/a><br \/>\nYoutube-l\u00e4nk: <\/strong>https:\/\/www.youtube.com\/watch?v=F5v7oKXLhY0<\/p>\n<p><a href=\"https:\/\/glowingvibe.files.wordpress.com\/2014\/10\/untitled222.png\"><img loading=\"lazy\" decoding=\"async\" class=\"size-full wp-image-1417 aligncenter\" src=\"https:\/\/glowingvibe.files.wordpress.com\/2014\/10\/untitled222.png\" alt=\"untitled222\" width=\"225\" height=\"225\" \/><\/a><\/p>\n","protected":false},"excerpt":{"rendered":"<p>Okej. Jag s\u00e4ger det direkt. Det m\u00e5 vara tv\u00e5 saker som den kristna musikscenen \u00e4r \u00f6versv\u00e4mmad av:\u00a0Manliga singer\/songwriters. Och s\u00e5 l\u00e5tar som heter &#8221;Beautiful&#8221;. Med det f\u00f6rl\u00e5tet [&hellip;]<\/p>\n","protected":false},"author":15,"featured_media":0,"comment_status":"open","ping_status":"open","sticky":false,"template":"","format":"standard","meta":{"footnotes":"","_links_to":"","_links_to_target":""},"categories":[1],"tags":[],"class_list":["post-2149","post","type-post","status-publish","format-standard","hentry","category-musik"],"_links":{"self":[{"href":"http:\/\/blogg.varldenidag.se\/musik\/wp-json\/wp\/v2\/posts\/2149","targetHints":{"allow":["GET"]}}],"collection":[{"href":"http:\/\/blogg.varldenidag.se\/musik\/wp-json\/wp\/v2\/posts"}],"about":[{"href":"http:\/\/blogg.varldenidag.se\/musik\/wp-json\/wp\/v2\/types\/post"}],"author":[{"embeddable":true,"href":"http:\/\/blogg.varldenidag.se\/musik\/wp-json\/wp\/v2\/users\/15"}],"replies":[{"embeddable":true,"href":"http:\/\/blogg.varldenidag.se\/musik\/wp-json\/wp\/v2\/comments?post=2149"}],"version-history":[{"count":1,"href":"http:\/\/blogg.varldenidag.se\/musik\/wp-json\/wp\/v2\/posts\/2149\/revisions"}],"predecessor-version":[{"id":2150,"href":"http:\/\/blogg.varldenidag.se\/musik\/wp-json\/wp\/v2\/posts\/2149\/revisions\/2150"}],"wp:attachment":[{"href":"http:\/\/blogg.varldenidag.se\/musik\/wp-json\/wp\/v2\/media?parent=2149"}],"wp:term":[{"taxonomy":"category","embeddable":true,"href":"http:\/\/blogg.varldenidag.se\/musik\/wp-json\/wp\/v2\/categories?post=2149"},{"taxonomy":"post_tag","embeddable":true,"href":"http:\/\/blogg.varldenidag.se\/musik\/wp-json\/wp\/v2\/tags?post=2149"}],"curies":[{"name":"wp","href":"https:\/\/api.w.org\/{rel}","templated":true}]}}