{"id":2143,"date":"2014-10-22T00:44:29","date_gmt":"2014-10-21T22:44:29","guid":{"rendered":"http:\/\/blogg.varldenidag.se\/musik\/?p=2143"},"modified":"2014-10-07T20:44:46","modified_gmt":"2014-10-07T18:44:46","slug":"intressant-ny-rockbekantskap","status":"publish","type":"post","link":"http:\/\/blogg.varldenidag.se\/musik\/intressant-ny-rockbekantskap\/","title":{"rendered":"Intressant ny rockbekantskap"},"content":{"rendered":"<p><strong>Light Up The Darkness <\/strong>hymlar inte &#8211; de spelar musik f\u00f6r att ber\u00e4tta f\u00f6r alla att Jesus \u00e4lskar dem oavsett vad de sagt eller gjort.<br \/>\nDet tjejfrontade bandet sl\u00e4ppte en EP 2011, och har nu kn\u00e5pat ihop sin f\u00f6rsta full\u00e4ngdare. Till sin hj\u00e4lp har de haft namnkunnige <strong>Travis Wyrick <\/strong>som jobbat med namn som <strong>Pillar<\/strong>, <strong>P.O.D. <\/strong>och <strong>Disciple<\/strong>, genom \u00e5ren. Att d\u00f6ma av singeln <em>&#8221;Broken Mirrors&#8221; &#8211; <\/em>som musikaliskt l\u00e5ter som n\u00e5got <strong>The Letter Black <\/strong>och <strong>Fireflight <\/strong>kunnat sl\u00e4ppa &#8211; kan det h\u00e4r vara &#8221;the next big thing&#8221; p\u00e5 den kristna rockscenen. Lyssna och d\u00f6m sj\u00e4lv!<\/p>\n<p><strong>Spotify-l\u00e4nk: <\/strong><a href=\"http:\/\/open.spotify.com\/track\/1s9TMv28P32uT0feJjlzYs\"><span style=\"color: #0066cc\"><strong>Light Up the Darkness \u2013 Broken Mirrors<\/strong><\/span><\/a><br \/>\n<strong>Youtube-l\u00e4nk: <\/strong>https:\/\/www.youtube.com\/watch?v=3_jJGc4uh1Q<\/p>\n<p><a href=\"https:\/\/glowingvibe.files.wordpress.com\/2014\/10\/untitled2.png\"><img loading=\"lazy\" decoding=\"async\" class=\"size-full wp-image-1408 aligncenter\" src=\"https:\/\/glowingvibe.files.wordpress.com\/2014\/10\/untitled2.png\" alt=\"untitled2\" width=\"225\" height=\"225\" \/><\/a><\/p>\n","protected":false},"excerpt":{"rendered":"<p>Light Up The Darkness hymlar inte &#8211; de spelar musik f\u00f6r att ber\u00e4tta f\u00f6r alla att Jesus \u00e4lskar dem oavsett vad de sagt eller gjort. Det tjejfrontade [&hellip;]<\/p>\n","protected":false},"author":15,"featured_media":0,"comment_status":"open","ping_status":"open","sticky":false,"template":"","format":"standard","meta":{"footnotes":"","_links_to":"","_links_to_target":""},"categories":[1],"tags":[],"class_list":["post-2143","post","type-post","status-publish","format-standard","hentry","category-musik"],"_links":{"self":[{"href":"http:\/\/blogg.varldenidag.se\/musik\/wp-json\/wp\/v2\/posts\/2143","targetHints":{"allow":["GET"]}}],"collection":[{"href":"http:\/\/blogg.varldenidag.se\/musik\/wp-json\/wp\/v2\/posts"}],"about":[{"href":"http:\/\/blogg.varldenidag.se\/musik\/wp-json\/wp\/v2\/types\/post"}],"author":[{"embeddable":true,"href":"http:\/\/blogg.varldenidag.se\/musik\/wp-json\/wp\/v2\/users\/15"}],"replies":[{"embeddable":true,"href":"http:\/\/blogg.varldenidag.se\/musik\/wp-json\/wp\/v2\/comments?post=2143"}],"version-history":[{"count":1,"href":"http:\/\/blogg.varldenidag.se\/musik\/wp-json\/wp\/v2\/posts\/2143\/revisions"}],"predecessor-version":[{"id":2144,"href":"http:\/\/blogg.varldenidag.se\/musik\/wp-json\/wp\/v2\/posts\/2143\/revisions\/2144"}],"wp:attachment":[{"href":"http:\/\/blogg.varldenidag.se\/musik\/wp-json\/wp\/v2\/media?parent=2143"}],"wp:term":[{"taxonomy":"category","embeddable":true,"href":"http:\/\/blogg.varldenidag.se\/musik\/wp-json\/wp\/v2\/categories?post=2143"},{"taxonomy":"post_tag","embeddable":true,"href":"http:\/\/blogg.varldenidag.se\/musik\/wp-json\/wp\/v2\/tags?post=2143"}],"curies":[{"name":"wp","href":"https:\/\/api.w.org\/{rel}","templated":true}]}}