{"id":2139,"date":"2014-10-17T00:27:43","date_gmt":"2014-10-16T22:27:43","guid":{"rendered":"http:\/\/blogg.varldenidag.se\/musik\/?p=2139"},"modified":"2014-10-07T20:28:03","modified_gmt":"2014-10-07T18:28:03","slug":"folj-vibe-top-20","status":"publish","type":"post","link":"http:\/\/blogg.varldenidag.se\/musik\/folj-vibe-top-20\/","title":{"rendered":"F\u00f6lj Vibe Top 20"},"content":{"rendered":"<p>Vill du ha koll p\u00e5 den senaste kristna musiken? F\u00f6lj d\u00e5 v\u00e5r spellista <strong>Vibe Top 20! <\/strong>Klicka p\u00e5 l\u00e4nken, s\u00e5 \u00f6ppnar den sig i Spotify. Sedan \u00e4r det bara att\u00a0lyssna s\u00e5 fort nya l\u00e5tar sl\u00e4ngs in i spellistan, som bjussar p\u00e5 de allra b\u00e4sta l\u00e5tarna just nu!<\/p>\n<p><strong>Spotify-l\u00e4nk: <a href=\"http:\/\/open.spotify.com\/user\/coturnix\/playlist\/3S9KzdLjzBW1PmvzSbcdQf\"><span style=\"color: #0066cc\">Vibe Top 20<\/span><\/a><\/strong><\/p>\n<p><a href=\"https:\/\/glowingvibe.files.wordpress.com\/2014\/10\/spotify_svg.png\"><img loading=\"lazy\" decoding=\"async\" class=\"size-full wp-image-1401 aligncenter\" src=\"https:\/\/glowingvibe.files.wordpress.com\/2014\/10\/spotify_svg.png\" alt=\"Spotify_svg\" width=\"150\" height=\"190\" \/><\/a><\/p>\n","protected":false},"excerpt":{"rendered":"<p>Vill du ha koll p\u00e5 den senaste kristna musiken? F\u00f6lj d\u00e5 v\u00e5r spellista Vibe Top 20! Klicka p\u00e5 l\u00e4nken, s\u00e5 \u00f6ppnar den sig i Spotify. Sedan \u00e4r [&hellip;]<\/p>\n","protected":false},"author":15,"featured_media":0,"comment_status":"open","ping_status":"open","sticky":false,"template":"","format":"standard","meta":{"footnotes":"","_links_to":"","_links_to_target":""},"categories":[1],"tags":[],"class_list":["post-2139","post","type-post","status-publish","format-standard","hentry","category-musik"],"_links":{"self":[{"href":"http:\/\/blogg.varldenidag.se\/musik\/wp-json\/wp\/v2\/posts\/2139","targetHints":{"allow":["GET"]}}],"collection":[{"href":"http:\/\/blogg.varldenidag.se\/musik\/wp-json\/wp\/v2\/posts"}],"about":[{"href":"http:\/\/blogg.varldenidag.se\/musik\/wp-json\/wp\/v2\/types\/post"}],"author":[{"embeddable":true,"href":"http:\/\/blogg.varldenidag.se\/musik\/wp-json\/wp\/v2\/users\/15"}],"replies":[{"embeddable":true,"href":"http:\/\/blogg.varldenidag.se\/musik\/wp-json\/wp\/v2\/comments?post=2139"}],"version-history":[{"count":1,"href":"http:\/\/blogg.varldenidag.se\/musik\/wp-json\/wp\/v2\/posts\/2139\/revisions"}],"predecessor-version":[{"id":2140,"href":"http:\/\/blogg.varldenidag.se\/musik\/wp-json\/wp\/v2\/posts\/2139\/revisions\/2140"}],"wp:attachment":[{"href":"http:\/\/blogg.varldenidag.se\/musik\/wp-json\/wp\/v2\/media?parent=2139"}],"wp:term":[{"taxonomy":"category","embeddable":true,"href":"http:\/\/blogg.varldenidag.se\/musik\/wp-json\/wp\/v2\/categories?post=2139"},{"taxonomy":"post_tag","embeddable":true,"href":"http:\/\/blogg.varldenidag.se\/musik\/wp-json\/wp\/v2\/tags?post=2139"}],"curies":[{"name":"wp","href":"https:\/\/api.w.org\/{rel}","templated":true}]}}