{"id":2131,"date":"2014-10-07T19:58:09","date_gmt":"2014-10-07T17:58:09","guid":{"rendered":"http:\/\/blogg.varldenidag.se\/musik\/?p=2131"},"modified":"2014-10-07T19:58:09","modified_gmt":"2014-10-07T17:58:09","slug":"owl-city-predikar","status":"publish","type":"post","link":"http:\/\/blogg.varldenidag.se\/musik\/owl-city-predikar\/","title":{"rendered":"Owl City predikar"},"content":{"rendered":"<p>Minnesota-killen <strong>Adam Young <\/strong>lyckades f\u00f6r n\u00e5gra \u00e5r sedan verkligen l\u00e4gga v\u00e4rlden under sina f\u00f6tter. Snubben, som innan dess aldrig hade varit utanf\u00f6r delstatens gr\u00e4nser, dundrade iv\u00e4g med sin superhit <em>&#8221;Fireflies&#8221; <\/em>som toppade listor v\u00e4rlden \u00f6ver, och vips var det flygplan kors och tv\u00e4rs som g\u00e4llde f\u00f6r honom och sitt elektroniska projekt <strong>Owl City.<\/strong><br \/>\nDet fanns v\u00e4l en viss &#8221;one hit wonder&#8221;-varning \u00f6ver det hela, men faktum \u00e4r att <strong>Owl City <\/strong>lyckades kravla sig tillbaka upp p\u00e5 listorna med hits som <em>&#8221;Good Time&#8221; <\/em>tillsammans med <strong>Carly Rae Jepsen.<\/p>\n<p><\/strong><strong>Adam Young <\/strong>har alltid bek\u00e4nt sig som kristen, men har aldrig mer \u00e4n lite subtilt lagt in kristna budskap i sina texter. Nu n\u00e4r han sl\u00e4pper nya l\u00e5tar \u00e4r det dock annat som g\u00e4ller. I nya singeln <em>&#8221;You&#8217;re Not Alone&#8221; <\/em>vittnar han och predikar s\u00e5 det st\u00e5r h\u00e4rliga till, och har ingen mindre \u00e4n <strong>Britt Nicole <\/strong>med som g\u00e4startist. Tja, budskapet \u00e4r tydligt och v\u00e4rt att lyssna p\u00e5!<\/p>\n<p><strong>Spotify-l\u00e4nk: <a href=\"http:\/\/open.spotify.com\/track\/4KArrjXhV2TLNXhjOEcpZM\"><span style=\"color: #0066cc\">Owl City \u2013 You\u2019re Not Alone<\/span><\/a><br \/>\nYoutube-l\u00e4nk: <\/strong>https:\/\/www.youtube.com\/watch?v=YExp135sl_A<\/p>\n<p><a href=\"https:\/\/glowingvibe.files.wordpress.com\/2014\/10\/owl-city-youre-not-alone-feat-britt-nicole.jpg\"><img loading=\"lazy\" decoding=\"async\" class=\"size-medium wp-image-1389 aligncenter\" src=\"https:\/\/glowingvibe.files.wordpress.com\/2014\/10\/owl-city-youre-not-alone-feat-britt-nicole.jpg?w=300\" alt=\"Owl-City-Youre-Not-Alone-feat-Britt-Nicole\" width=\"300\" height=\"127\" \/><\/a><\/p>\n","protected":false},"excerpt":{"rendered":"<p>Minnesota-killen Adam Young lyckades f\u00f6r n\u00e5gra \u00e5r sedan verkligen l\u00e4gga v\u00e4rlden under sina f\u00f6tter. Snubben, som innan dess aldrig hade varit utanf\u00f6r delstatens gr\u00e4nser, dundrade iv\u00e4g med [&hellip;]<\/p>\n","protected":false},"author":15,"featured_media":0,"comment_status":"open","ping_status":"open","sticky":false,"template":"","format":"standard","meta":{"footnotes":"","_links_to":"","_links_to_target":""},"categories":[1],"tags":[],"class_list":["post-2131","post","type-post","status-publish","format-standard","hentry","category-musik"],"_links":{"self":[{"href":"http:\/\/blogg.varldenidag.se\/musik\/wp-json\/wp\/v2\/posts\/2131","targetHints":{"allow":["GET"]}}],"collection":[{"href":"http:\/\/blogg.varldenidag.se\/musik\/wp-json\/wp\/v2\/posts"}],"about":[{"href":"http:\/\/blogg.varldenidag.se\/musik\/wp-json\/wp\/v2\/types\/post"}],"author":[{"embeddable":true,"href":"http:\/\/blogg.varldenidag.se\/musik\/wp-json\/wp\/v2\/users\/15"}],"replies":[{"embeddable":true,"href":"http:\/\/blogg.varldenidag.se\/musik\/wp-json\/wp\/v2\/comments?post=2131"}],"version-history":[{"count":1,"href":"http:\/\/blogg.varldenidag.se\/musik\/wp-json\/wp\/v2\/posts\/2131\/revisions"}],"predecessor-version":[{"id":2132,"href":"http:\/\/blogg.varldenidag.se\/musik\/wp-json\/wp\/v2\/posts\/2131\/revisions\/2132"}],"wp:attachment":[{"href":"http:\/\/blogg.varldenidag.se\/musik\/wp-json\/wp\/v2\/media?parent=2131"}],"wp:term":[{"taxonomy":"category","embeddable":true,"href":"http:\/\/blogg.varldenidag.se\/musik\/wp-json\/wp\/v2\/categories?post=2131"},{"taxonomy":"post_tag","embeddable":true,"href":"http:\/\/blogg.varldenidag.se\/musik\/wp-json\/wp\/v2\/tags?post=2131"}],"curies":[{"name":"wp","href":"https:\/\/api.w.org\/{rel}","templated":true}]}}